{"id":49703,"date":"2023-02-10T06:12:41","date_gmt":"2023-02-10T12:12:41","guid":{"rendered":"https:\/\/mickyandoniehn.com\/radio\/2023\/02\/10\/el-van-dyck-encontrado-en-una-granja-sale-a-subasta-a-3-millones-en-sothebys\/"},"modified":"2023-02-10T06:12:41","modified_gmt":"2023-02-10T12:12:41","slug":"el-van-dyck-encontrado-en-una-granja-sale-a-subasta-a-3-millones-en-sothebys","status":"publish","type":"post","link":"http:\/\/mickyandoniehn.com\/radio\/2023\/02\/10\/el-van-dyck-encontrado-en-una-granja-sale-a-subasta-a-3-millones-en-sothebys\/","title":{"rendered":"El Van Dyck encontrado en una granja sale a subasta a 3 millones en Sotheby\u00b4s"},"content":{"rendered":"<p><strong>Tegucigalpa,Honduras viernes 10 febrero \u00a02023<\/strong><\/p>\n<\/p>\n<p>Un Van Dyck encontrado por azar el 2002 en una granja y adquirido en su momento por 600 d\u00f3lares por un avispado coleccionista, sale a la venta el pr\u00f3ximo jueves a un precio estimado de entre 2 y 3 millones de d\u00f3lares.<\/p>\n<p>Se le ha llamado \u00abEstudio para San Jer\u00f3nimo con un \u00e1ngel\u00bb, porque se trata de un boceto para la obra definitiva con ese t\u00edtulo que se expone en el Museo Boijmas Van Beuningen de Rotterdam (Holanda), aun cuando guarda notables diferencias, pues en el boceto aparece completamente desnudo y en la obra definitiva se cubre con una capa de cintura para abajo, pero la cabeza y el torso son muy parecidos.<\/p>\n<p>El boceto en madera de Van Dyck es solo una m\u00e1s de la colecci\u00f3n de 158 \u00abObras Maestras\u00bb que el jueves pone a la venta Sotheby\u00b4s en Nueva York, y ni siquiera es el m\u00e1s caro (hay un retrato renacentista de Bronzino valorado en 5 millones) pero en su caso es noticia sobre todo por la historia casi rocambolesca que lo rodea.<\/p>\n<p>Se desconoc\u00eda la existencia de ese Van Dyck hasta que Albert Roberts, un coleccionista neoyorquino especializado en recorrer subastas de segunda o tercera categor\u00eda en busca de \u00abperlas ocultas\u00bb dio con ese boceto en 2002 en una venta p\u00fablica en Kinderbohook, en el norte del estado de Nueva York. Pag\u00f3 por \u00e9l 600 d\u00f3lares, ya presintiendo que estaba en poder de una obra \u00fanica.<\/p>\n<p>Seg\u00fan el relato del portal especializado en arte Artnet.com, Roberts observ\u00f3 que el boceto ten\u00eda en la parte trasera excrementos de p\u00e1jaros, y cuando quiso saber su procedencia, result\u00f3 que hab\u00eda sido hallado por pura casualidad en una granja en la zona.<\/p>\n<p>Fue la historiadora del arte Susan Barnes la que identific\u00f3 la pieza varios a\u00f1os despu\u00e9s como un aut\u00e9ntico Van Dyck \u00abincre\u00edblemente bien conservado\u00bb y dat\u00f3 la pintura entre 1618 y 1620.<\/p>\n<p>En su nota de presentaci\u00f3n, Sotheby\u00b4s resalta que Van Dyck merece ser considerado el segundo pintor flamenco m\u00e1s influyente de todos los tiempos, solo por detr\u00e1s de Peter Paul Rubens.<\/p>\n<p><strong>Fuente: La Tribuna<\/strong><\/p>\n","protected":false},"excerpt":{"rendered":"<p>Tegucigalpa,Honduras viernes 10 febrero \u00a02023 Un Van Dyck encontrado por azar el 2002 en una granja y adquirido en su momento por 600 d\u00f3lares por un avispado coleccionista, sale a la venta el pr\u00f3ximo jueves a un precio estimado de entre 2 y 3 millones de d\u00f3lares. Se le ha llamado \u00abEstudio para San Jer\u00f3nimo &hellip;<\/p>\n","protected":false},"author":0,"featured_media":49704,"comment_status":"open","ping_status":"open","sticky":false,"template":"","format":"standard","meta":{"_jetpack_memberships_contains_paid_content":false,"footnotes":""},"categories":[5],"tags":[],"class_list":["post-49703","post","type-post","status-publish","format-standard","has-post-thumbnail","","category-noticias"],"jetpack_sharing_enabled":true,"jetpack_featured_media_url":"http:\/\/mickyandoniehn.com\/radio\/wp-content\/uploads\/2023\/02\/Van-Dyck-696x502-1-xsihnP.jpeg","_links":{"self":[{"href":"http:\/\/mickyandoniehn.com\/radio\/wp-json\/wp\/v2\/posts\/49703","targetHints":{"allow":["GET"]}}],"collection":[{"href":"http:\/\/mickyandoniehn.com\/radio\/wp-json\/wp\/v2\/posts"}],"about":[{"href":"http:\/\/mickyandoniehn.com\/radio\/wp-json\/wp\/v2\/types\/post"}],"replies":[{"embeddable":true,"href":"http:\/\/mickyandoniehn.com\/radio\/wp-json\/wp\/v2\/comments?post=49703"}],"version-history":[{"count":0,"href":"http:\/\/mickyandoniehn.com\/radio\/wp-json\/wp\/v2\/posts\/49703\/revisions"}],"wp:featuredmedia":[{"embeddable":true,"href":"http:\/\/mickyandoniehn.com\/radio\/wp-json\/wp\/v2\/media\/49704"}],"wp:attachment":[{"href":"http:\/\/mickyandoniehn.com\/radio\/wp-json\/wp\/v2\/media?parent=49703"}],"wp:term":[{"taxonomy":"category","embeddable":true,"href":"http:\/\/mickyandoniehn.com\/radio\/wp-json\/wp\/v2\/categories?post=49703"},{"taxonomy":"post_tag","embeddable":true,"href":"http:\/\/mickyandoniehn.com\/radio\/wp-json\/wp\/v2\/tags?post=49703"}],"curies":[{"name":"wp","href":"https:\/\/api.w.org\/{rel}","templated":true}]}}