{"id":49701,"date":"2023-02-10T06:12:40","date_gmt":"2023-02-10T12:12:40","guid":{"rendered":"https:\/\/mickyandoniehn.com\/radio\/2023\/02\/10\/la-plataforma-musical-spotify-anuncia-una-reduccion-del-6-de-su-plantilla\/"},"modified":"2023-02-10T06:12:40","modified_gmt":"2023-02-10T12:12:40","slug":"la-plataforma-musical-spotify-anuncia-una-reduccion-del-6-de-su-plantilla","status":"publish","type":"post","link":"http:\/\/mickyandoniehn.com\/radio\/2023\/02\/10\/la-plataforma-musical-spotify-anuncia-una-reduccion-del-6-de-su-plantilla\/","title":{"rendered":"La plataforma musical Spotify anuncia una reducci\u00f3n del 6 % de su plantilla"},"content":{"rendered":"<p><strong>Tegucigalpa,Honduras viernes 10 febrero \u00a02023<\/strong><\/p>\n<\/p>\n<p>La plataforma musical Spotify anunci\u00f3 una reducci\u00f3n del 6 % de su personal, uni\u00e9ndose as\u00ed a una larga lista de tecnol\u00f3gicas que han recortado sus plantillas a medida que ven pasar el auge que vivieron durante la pandemia y ahora temen por una posible recesi\u00f3n global.<\/p>\n<p>La empresa con sede en Estocolmo tiene unos 8.600 empleados en todo el mundo, seg\u00fan su web.<\/p>\n<p>El a\u00f1o pasado, la empresa dijo que no planeaba despedir a nadie, pero que pondr\u00eda freno a las contrataciones.<\/p>\n<p>\u00abDurante los \u00faltimos meses hemos hecho un esfuerzo considerable para controlar los costos, pero simplemente no ha sido suficiente\u00bb, dijo hoy el presidente ejecutivo de Spotify, Daniel Ek, en un comunicado.<\/p>\n<p>Ek apunt\u00f3 que \u00abal igual que muchos otros l\u00edderes\u00bb esperaba \u00absostener los fuertes vientos de cola de la pandemia\u00bb, pero que fue \u00abdemasiado ambicioso\u00bb y que ahora asume \u00abtoda la responsabilidad\u00bb.<\/p>\n<p>El presidente ejecutivo se\u00f1al\u00f3 que los empleados despedidos recibir\u00e1n cinco meses de indemnizaci\u00f3n por despido.<\/p>\n<p>Ek tambi\u00e9n anunci\u00f3 algunos cambios en la alta direcci\u00f3n, incluido que la directora de contenido de Spotify, Dawn Ostroff, dejar\u00e1 la empresa.<\/p>\n<p>Spotify es una de las plataformas musicales m\u00e1s populares del mundo, ya que la compa\u00f1\u00eda inform\u00f3 en octubre que ten\u00eda alrededor de 456 millones de usuarios activos mensuales.<\/p>\n<p>El anuncio de la compa\u00f1\u00eda este lunes es el \u00faltimo de una ola de despidos tecnol\u00f3gicos, ya que la industria se recalibra despu\u00e9s de crecer r\u00e1pidamente al comienzo de la pandemia.<\/p>\n<p>La semana pasada, Alphabet (Google) anunci\u00f3 que reducir\u00e1 su plantilla en unas 12.000 personas, el 6,4 % y la empresa de software Microsoft anunci\u00f3 que despedir\u00e1 a 10.000 empleados, menos del 5 % de su plantilla.<\/p>\n<p>Por su parte, Amazon anunci\u00f3 nuevos despidos continuando as\u00ed con su objetivo de eliminar algo m\u00e1s de 18.000 puestos, incluidos los ceses que dio a conocer el pasado noviembre, fecha en la que ya hab\u00eda prescindido de unos 10.000 empleos.<\/p>\n<p>En los \u00faltimos meses tambi\u00e9n se han unido a esta tendencia empresas como Meta, matriz de Facebook, que despidi\u00f3 a 11.000 trabajadores; Salesforce, que ech\u00f3 a 7.000, Twitter, que se deshizo de 3.700, y Tesla, que despidi\u00f3 a 6.000.<\/p>\n<p><strong>Fuente: La Tribuna<\/strong><\/p>\n","protected":false},"excerpt":{"rendered":"<p>Tegucigalpa,Honduras viernes 10 febrero \u00a02023 La plataforma musical Spotify anunci\u00f3 una reducci\u00f3n del 6 % de su personal, uni\u00e9ndose as\u00ed a una larga lista de tecnol\u00f3gicas que han recortado sus plantillas a medida que ven pasar el auge que vivieron durante la pandemia y ahora temen por una posible recesi\u00f3n global. La empresa con sede &hellip;<\/p>\n","protected":false},"author":0,"featured_media":49702,"comment_status":"open","ping_status":"open","sticky":false,"template":"","format":"standard","meta":{"_jetpack_memberships_contains_paid_content":false,"footnotes":""},"categories":[5],"tags":[],"class_list":["post-49701","post","type-post","status-publish","format-standard","has-post-thumbnail","","category-noticias"],"jetpack_sharing_enabled":true,"jetpack_featured_media_url":"http:\/\/mickyandoniehn.com\/radio\/wp-content\/uploads\/2023\/02\/spoty-696x430-1-TVfg8f.jpeg","_links":{"self":[{"href":"http:\/\/mickyandoniehn.com\/radio\/wp-json\/wp\/v2\/posts\/49701","targetHints":{"allow":["GET"]}}],"collection":[{"href":"http:\/\/mickyandoniehn.com\/radio\/wp-json\/wp\/v2\/posts"}],"about":[{"href":"http:\/\/mickyandoniehn.com\/radio\/wp-json\/wp\/v2\/types\/post"}],"replies":[{"embeddable":true,"href":"http:\/\/mickyandoniehn.com\/radio\/wp-json\/wp\/v2\/comments?post=49701"}],"version-history":[{"count":0,"href":"http:\/\/mickyandoniehn.com\/radio\/wp-json\/wp\/v2\/posts\/49701\/revisions"}],"wp:featuredmedia":[{"embeddable":true,"href":"http:\/\/mickyandoniehn.com\/radio\/wp-json\/wp\/v2\/media\/49702"}],"wp:attachment":[{"href":"http:\/\/mickyandoniehn.com\/radio\/wp-json\/wp\/v2\/media?parent=49701"}],"wp:term":[{"taxonomy":"category","embeddable":true,"href":"http:\/\/mickyandoniehn.com\/radio\/wp-json\/wp\/v2\/categories?post=49701"},{"taxonomy":"post_tag","embeddable":true,"href":"http:\/\/mickyandoniehn.com\/radio\/wp-json\/wp\/v2\/tags?post=49701"}],"curies":[{"name":"wp","href":"https:\/\/api.w.org\/{rel}","templated":true}]}}