{"id":49602,"date":"2023-02-09T06:12:47","date_gmt":"2023-02-09T12:12:47","guid":{"rendered":"https:\/\/mickyandoniehn.com\/radio\/2023\/02\/09\/honduras-realizara-primera-encuesta-sobre-trabajo-infantil-con-apoyo-de-eeuu-2\/"},"modified":"2023-02-09T06:12:47","modified_gmt":"2023-02-09T12:12:47","slug":"honduras-realizara-primera-encuesta-sobre-trabajo-infantil-con-apoyo-de-eeuu-2","status":"publish","type":"post","link":"http:\/\/mickyandoniehn.com\/radio\/2023\/02\/09\/honduras-realizara-primera-encuesta-sobre-trabajo-infantil-con-apoyo-de-eeuu-2\/","title":{"rendered":"Honduras realizar\u00e1 primera encuesta sobre trabajo infantil con apoyo de EEUU"},"content":{"rendered":"<p><strong>Tegucigalpa,Honduras jueves 09 febrero 2023<\/strong><\/p>\n<\/p>\n<p>Honduras realizar\u00e1 en marzo pr\u00f3ximo la primera encuesta nacional para conocer la magnitud del trabajo infantil en el pa\u00eds, donde al menos 500.000 ni\u00f1os de entre 5 y 17 a\u00f1os de edad trabajan, informaron este mi\u00e9rcoles fuentes oficiales en Tegucigalpa.<\/p>\n<p>Se trata de una iniciativa de la ONG internacional Visi\u00f3n Mundial, el Instituto Nacional de Estad\u00edsticas (INE) y la Secretar\u00eda de Trabajo con el apoyo del Departamento de Trabajo de Estados Unidos.<\/p>\n<p>\u201cVamos a poder tener datos exactos sobre ni\u00f1ez trabajadora, ni\u00f1ez en el contexto de la migraci\u00f3n, ni\u00f1ez y violencia\u201d, dijo a EFE Jorge Valladares, director del proyecto Futuro Brillante de Visi\u00f3n Mundial.<\/p>\n<p>El censo se iniciar\u00e1 en marzo en los 18 departamentos del pa\u00eds y sus resultados, que se conocer\u00e1n en el segundo semestre de 2023, contribuir\u00e1n a promover \u201cpol\u00edticas p\u00fablicas, programas y proyectos\u201d que permitan \u201ccombatir este problema tan sensible\u201d en el pa\u00eds centroamericano, se\u00f1al\u00f3.<\/p>\n<p>En esta primera encuesta se pretende entrevistar a 50.000 ni\u00f1as y ni\u00f1os de entre 5 y 17 a\u00f1os, que integran unos 22.900 hogares.<\/p>\n<p>El gran objetivo de la encuesta es conocer d\u00f3nde est\u00e1 y qu\u00e9 est\u00e1 haciendo la ni\u00f1ez que trabaja, y qu\u00e9 soluciones puede presentar Honduras frente al problema, indic\u00f3 Valladares.<\/p>\n<p>Alrededor de 500.000 ni\u00f1as y ni\u00f1os de entre 5 y 17 a\u00f1os de edad trabajan en Honduras, muchos de ellos expuestos a trabajos peligrosos, seg\u00fan datos oficiales, citados por Valladares.<\/p>\n<p>De los menores trabajadores, de acuerdo a organismos de derechos humanos, m\u00e1s del 50 % se ocupa en labores de agricultura, sobre todo en corte y siembra de caf\u00e9 y az\u00facar, y otra parte lo hace en el sector ganadero y trabajo dom\u00e9stico no remunerado.<\/p>\n<p><strong>NI\u00d1EZ EN PRECARIEDAD<\/strong><\/p>\n<p>La designada presidencial (vicepresidenta), Doris Guti\u00e9rrez, dijo que la ni\u00f1ez est\u00e1 en \u201cuna situaci\u00f3n de precariedad\u201d en Honduras.<\/p>\n<p>Enfatiz\u00f3 que el censo permitir\u00e1 al Estado definir par\u00e1metros e indicadores que le ayuden a disminuir el trabajo infantil.<\/p>\n<p>Guti\u00e9rrez indic\u00f3 que el trabajo infantil es una \u201csituaci\u00f3n riesgosa\u201d para la ni\u00f1ez hondure\u00f1a, y lament\u00f3 que este a\u00f1o se registre una disminuci\u00f3n en la matr\u00edcula escolar debido a que muchas ni\u00f1as y ni\u00f1os tienen que trabajar para ayudar a sus familias.<\/p>\n<p>La alta funcionaria asegur\u00f3 que el Gobierno de Honduras har\u00e1 sus \u201cm\u00e1ximos esfuerzos \u201d para que disminuyan los \u00edndices de trabajo infantil en el pa\u00eds.<\/p>\n<p>La encuesta estar\u00e1 a cargo de un grupo de 110 personas que est\u00e1n en proceso de capacitaci\u00f3n, indic\u00f3 el director del INE, Eugenio Sosa.<\/p>\n<p>Destac\u00f3 adem\u00e1s la importancia de erradicar \u201clas peores formas\u201d de trabajo infantil en Honduras, un pa\u00eds de m\u00e1s de 9,5 millones de habitantes.<\/p>\n<p>Muchas ni\u00f1as y ni\u00f1os que trabajan sufren \u201cexplotaci\u00f3n, sobreexplotaci\u00f3n , abuso, violencia\u201d y en muchas ocasiones dejan de asistir a la escuela, lament\u00f3.<\/p>\n<p>El problema de trabajo infantil en Honduras \u201ces serio, tenemos centenares de miles de ni\u00f1os en esa situaci\u00f3n\u201d, apostill\u00f3 Sosa.<\/p>\n<p><strong>Fuente: ENTER 504<\/strong><\/p>\n","protected":false},"excerpt":{"rendered":"<p>Tegucigalpa,Honduras jueves 09 febrero 2023 Honduras realizar\u00e1 en marzo pr\u00f3ximo la primera encuesta nacional para conocer la magnitud del trabajo infantil en el pa\u00eds, donde al menos 500.000 ni\u00f1os de entre 5 y 17 a\u00f1os de edad trabajan, informaron este mi\u00e9rcoles fuentes oficiales en Tegucigalpa. Se trata de una iniciativa de la ONG internacional Visi\u00f3n &hellip;<\/p>\n","protected":false},"author":0,"featured_media":49603,"comment_status":"open","ping_status":"open","sticky":false,"template":"","format":"standard","meta":{"_jetpack_memberships_contains_paid_content":false,"footnotes":""},"categories":[5],"tags":[],"class_list":["post-49602","post","type-post","status-publish","format-standard","has-post-thumbnail","","category-noticias"],"jetpack_sharing_enabled":true,"jetpack_featured_media_url":"http:\/\/mickyandoniehn.com\/radio\/wp-content\/uploads\/2023\/02\/trabajo-infantil-dPAlB5.jpeg","_links":{"self":[{"href":"http:\/\/mickyandoniehn.com\/radio\/wp-json\/wp\/v2\/posts\/49602","targetHints":{"allow":["GET"]}}],"collection":[{"href":"http:\/\/mickyandoniehn.com\/radio\/wp-json\/wp\/v2\/posts"}],"about":[{"href":"http:\/\/mickyandoniehn.com\/radio\/wp-json\/wp\/v2\/types\/post"}],"replies":[{"embeddable":true,"href":"http:\/\/mickyandoniehn.com\/radio\/wp-json\/wp\/v2\/comments?post=49602"}],"version-history":[{"count":0,"href":"http:\/\/mickyandoniehn.com\/radio\/wp-json\/wp\/v2\/posts\/49602\/revisions"}],"wp:featuredmedia":[{"embeddable":true,"href":"http:\/\/mickyandoniehn.com\/radio\/wp-json\/wp\/v2\/media\/49603"}],"wp:attachment":[{"href":"http:\/\/mickyandoniehn.com\/radio\/wp-json\/wp\/v2\/media?parent=49602"}],"wp:term":[{"taxonomy":"category","embeddable":true,"href":"http:\/\/mickyandoniehn.com\/radio\/wp-json\/wp\/v2\/categories?post=49602"},{"taxonomy":"post_tag","embeddable":true,"href":"http:\/\/mickyandoniehn.com\/radio\/wp-json\/wp\/v2\/tags?post=49602"}],"curies":[{"name":"wp","href":"https:\/\/api.w.org\/{rel}","templated":true}]}}