{"id":49594,"date":"2023-02-09T06:12:43","date_gmt":"2023-02-09T12:12:43","guid":{"rendered":"https:\/\/mickyandoniehn.com\/radio\/2023\/02\/09\/gobierno-empresarios-y-centrales-obreras-acuerdan-reajuste-salarial-de-9-8\/"},"modified":"2023-02-09T06:12:43","modified_gmt":"2023-02-09T12:12:43","slug":"gobierno-empresarios-y-centrales-obreras-acuerdan-reajuste-salarial-de-9-8","status":"publish","type":"post","link":"http:\/\/mickyandoniehn.com\/radio\/2023\/02\/09\/gobierno-empresarios-y-centrales-obreras-acuerdan-reajuste-salarial-de-9-8\/","title":{"rendered":"Gobierno, empresarios y centrales obreras acuerdan reajuste salarial de 9.8 %"},"content":{"rendered":"<p><strong>Tegucigalpa,Honduras jueves 09 febrero 2023<\/strong><\/p>\n<\/p>\n<p>La Secretar\u00eda de Trabajo, el sector privado y las centrales obreras acordaron este mi\u00e9rcoles realizar un reajuste salarial de 9.80 % para los trabajadores durante el 2023.<\/p>\n<p>La ministra de Trabajo, Sarah\u00ed Cerna, coment\u00f3 que se prim\u00f3 el bienestar de la naci\u00f3n durante el consenso que fue un\u00e1nime.<\/p>\n<p>Explic\u00f3 que para el reajuste salarial se tom\u00f3 en cuenta el \u00edndice de inflaci\u00f3n interanual del 2022 que fue de un 9.8 %, seg\u00fan el Banco Central de Honduras (BCH).<\/p>\n<p>La comisi\u00f3n tripartita dej\u00f3 en las negociaciones de 2022 una cl\u00e1usula que en caso que el \u00edndice de inflaci\u00f3n interanual registrado en diciembre sea mayor al ajuste aqu\u00ed fijado para el 2023.<\/p>\n<p>En ese sentido, \u201cdeber\u00e1 aplicar un ajuste igual al porcentaje de inflaci\u00f3n registrado para lo cual se deber\u00e1 emitir el respectivo acuerdo a trav\u00e9s de la Secretar\u00eda de Trabajo y Seguridad Social, con los valores actualizados\u201d, cita la cl\u00e1usula.<\/p>\n<p>Cerna se\u00f1al\u00f3 que la instrucci\u00f3n del gobierno es no imponer a los sectores productivos condiciones o cargas que no hayan sido consensuadas.<\/p>\n<p>Mientras que el representante del sector privado, Fernando Garc\u00eda, expres\u00f3 que el acuerdo demuestra que los sectores productivos pueden llegar a acuerdos y consensos mediante el di\u00e1logo en temas complejos y en la b\u00fasqueda del bien com\u00fan.<\/p>\n<p>Expuso que el 2022 fue un a\u00f1o complejo para las empresas, pero que el sector privado es consciente de la realidad del pa\u00eds.<\/p>\n<p>El acuerdo establece que el ajuste salarial correspondiente a enero podr\u00e1 ser pagado de forma total o diferida a m\u00e1s tardar el 31 de marzo.<\/p>\n<p><strong>Fuente: Poder Popular<\/strong><\/p>\n","protected":false},"excerpt":{"rendered":"<p>Tegucigalpa,Honduras jueves 09 febrero 2023 La Secretar\u00eda de Trabajo, el sector privado y las centrales obreras acordaron este mi\u00e9rcoles realizar un reajuste salarial de 9.80 % para los trabajadores durante el 2023. La ministra de Trabajo, Sarah\u00ed Cerna, coment\u00f3 que se prim\u00f3 el bienestar de la naci\u00f3n durante el consenso que fue un\u00e1nime. Explic\u00f3 que &hellip;<\/p>\n","protected":false},"author":0,"featured_media":49595,"comment_status":"open","ping_status":"open","sticky":false,"template":"","format":"standard","meta":{"_jetpack_memberships_contains_paid_content":false,"footnotes":""},"categories":[5],"tags":[],"class_list":["post-49594","post","type-post","status-publish","format-standard","has-post-thumbnail","","category-noticias"],"jetpack_sharing_enabled":true,"jetpack_featured_media_url":"http:\/\/mickyandoniehn.com\/radio\/wp-content\/uploads\/2023\/02\/salario-minimo-1-660x330-1-1JRtLq.jpeg","_links":{"self":[{"href":"http:\/\/mickyandoniehn.com\/radio\/wp-json\/wp\/v2\/posts\/49594","targetHints":{"allow":["GET"]}}],"collection":[{"href":"http:\/\/mickyandoniehn.com\/radio\/wp-json\/wp\/v2\/posts"}],"about":[{"href":"http:\/\/mickyandoniehn.com\/radio\/wp-json\/wp\/v2\/types\/post"}],"replies":[{"embeddable":true,"href":"http:\/\/mickyandoniehn.com\/radio\/wp-json\/wp\/v2\/comments?post=49594"}],"version-history":[{"count":0,"href":"http:\/\/mickyandoniehn.com\/radio\/wp-json\/wp\/v2\/posts\/49594\/revisions"}],"wp:featuredmedia":[{"embeddable":true,"href":"http:\/\/mickyandoniehn.com\/radio\/wp-json\/wp\/v2\/media\/49595"}],"wp:attachment":[{"href":"http:\/\/mickyandoniehn.com\/radio\/wp-json\/wp\/v2\/media?parent=49594"}],"wp:term":[{"taxonomy":"category","embeddable":true,"href":"http:\/\/mickyandoniehn.com\/radio\/wp-json\/wp\/v2\/categories?post=49594"},{"taxonomy":"post_tag","embeddable":true,"href":"http:\/\/mickyandoniehn.com\/radio\/wp-json\/wp\/v2\/tags?post=49594"}],"curies":[{"name":"wp","href":"https:\/\/api.w.org\/{rel}","templated":true}]}}