{"id":49592,"date":"2023-02-09T06:12:41","date_gmt":"2023-02-09T12:12:41","guid":{"rendered":"https:\/\/mickyandoniehn.com\/radio\/2023\/02\/09\/el-cohep-reitera-que-unos-81-mil-empleos-se-perdieron-en-honduras-durante-2022\/"},"modified":"2023-02-09T06:12:41","modified_gmt":"2023-02-09T12:12:41","slug":"el-cohep-reitera-que-unos-81-mil-empleos-se-perdieron-en-honduras-durante-2022","status":"publish","type":"post","link":"http:\/\/mickyandoniehn.com\/radio\/2023\/02\/09\/el-cohep-reitera-que-unos-81-mil-empleos-se-perdieron-en-honduras-durante-2022\/","title":{"rendered":"El Cohep reitera que unos 81 mil empleos se perdieron en Honduras durante 2022"},"content":{"rendered":"<p><strong>Tegucigalpa,Honduras jueves 09 febrero 2023<\/strong><\/p>\n<\/p>\n<p>Unos 81 mil empleos se perdieron en Honduras durante el 2022, seg\u00fan datos del Instituto Hondure\u00f1o de Estad\u00edsticas (<a href=\"https:\/\/www.ine.gob.hn\/V3\/\">INE<\/a>).<\/p>\n<p>Lo anterior lo manifest\u00f3 Santiago Herrera, gerente de Pol\u00edtica Econ\u00f3mica del Consejo Hondure\u00f1o de la Empresa Privada (Cohep), quien detall\u00f3 que 58 mil empleos se perdieron en el sector privado y 21 mil en el sistema burocr\u00e1tico del territorio hondure\u00f1o.<\/p>\n<p>Indic\u00f3 que gran parte de estos empleos se perdieron por la derogaci\u00f3n de la Ley de Empleo por Hora.<\/p>\n<p>Adem\u00e1s, el empresario mencion\u00f3 que solo el sector privado empleaba a 41 mil personas bajo esta modalidad, no todos se perdieron, pero s\u00ed la mayor\u00eda.<\/p>\n<p>Considera que el otro causante de la p\u00e9rdida de empleos es la extorsi\u00f3n, muchas peque\u00f1as y micro empresas han cerrado por este flagelo.<\/p>\n<p>A criterio de Herrera, el desempleo afecta a miles de j\u00f3venes que cada a\u00f1o entran al mercado laboral y no cuentan con las oportunidades, sostuvo.<\/p>\n<p>En ese contexto, apunt\u00f3 que Honduras cuenta con m\u00e1s de 900 mil \u201cninis\u201d, es decir j\u00f3venes que ni estudian, ni trabajan.<\/p>\n<p>Calific\u00f3 que esta cifra es una \u201cbomba social\u201d, el futuro cercano para estos j\u00f3venes es que se vayan en las caravanas de migrantes.<\/p>\n<p>No obstante, este es el mejor de los escenarios para este grupo de la sociedad ya que en el otro extremo es que se unan a grupos antisociales y criminales y eso no es bueno para la sociedad, puntualiz\u00f3.<\/p>\n<p><strong>Fuente:La Tribuna<\/strong><\/p>\n","protected":false},"excerpt":{"rendered":"<p>Tegucigalpa,Honduras jueves 09 febrero 2023 Unos 81 mil empleos se perdieron en Honduras durante el 2022, seg\u00fan datos del Instituto Hondure\u00f1o de Estad\u00edsticas (INE). Lo anterior lo manifest\u00f3 Santiago Herrera, gerente de Pol\u00edtica Econ\u00f3mica del Consejo Hondure\u00f1o de la Empresa Privada (Cohep), quien detall\u00f3 que 58 mil empleos se perdieron en el sector privado y &hellip;<\/p>\n","protected":false},"author":0,"featured_media":49593,"comment_status":"open","ping_status":"open","sticky":false,"template":"","format":"standard","meta":{"_jetpack_memberships_contains_paid_content":false,"footnotes":""},"categories":[5],"tags":[],"class_list":["post-49592","post","type-post","status-publish","format-standard","has-post-thumbnail","","category-noticias"],"jetpack_sharing_enabled":true,"jetpack_featured_media_url":"http:\/\/mickyandoniehn.com\/radio\/wp-content\/uploads\/2023\/02\/Cohep-2-696x378-1-6R4uiM.jpeg","_links":{"self":[{"href":"http:\/\/mickyandoniehn.com\/radio\/wp-json\/wp\/v2\/posts\/49592","targetHints":{"allow":["GET"]}}],"collection":[{"href":"http:\/\/mickyandoniehn.com\/radio\/wp-json\/wp\/v2\/posts"}],"about":[{"href":"http:\/\/mickyandoniehn.com\/radio\/wp-json\/wp\/v2\/types\/post"}],"replies":[{"embeddable":true,"href":"http:\/\/mickyandoniehn.com\/radio\/wp-json\/wp\/v2\/comments?post=49592"}],"version-history":[{"count":0,"href":"http:\/\/mickyandoniehn.com\/radio\/wp-json\/wp\/v2\/posts\/49592\/revisions"}],"wp:featuredmedia":[{"embeddable":true,"href":"http:\/\/mickyandoniehn.com\/radio\/wp-json\/wp\/v2\/media\/49593"}],"wp:attachment":[{"href":"http:\/\/mickyandoniehn.com\/radio\/wp-json\/wp\/v2\/media?parent=49592"}],"wp:term":[{"taxonomy":"category","embeddable":true,"href":"http:\/\/mickyandoniehn.com\/radio\/wp-json\/wp\/v2\/categories?post=49592"},{"taxonomy":"post_tag","embeddable":true,"href":"http:\/\/mickyandoniehn.com\/radio\/wp-json\/wp\/v2\/tags?post=49592"}],"curies":[{"name":"wp","href":"https:\/\/api.w.org\/{rel}","templated":true}]}}