{"id":49590,"date":"2023-02-09T06:12:40","date_gmt":"2023-02-09T12:12:40","guid":{"rendered":"https:\/\/mickyandoniehn.com\/radio\/2023\/02\/09\/zelensky-llega-al-parlamento-europeo\/"},"modified":"2023-02-09T06:12:40","modified_gmt":"2023-02-09T12:12:40","slug":"zelensky-llega-al-parlamento-europeo","status":"publish","type":"post","link":"http:\/\/mickyandoniehn.com\/radio\/2023\/02\/09\/zelensky-llega-al-parlamento-europeo\/","title":{"rendered":"Zelensky llega al Parlamento Europeo"},"content":{"rendered":"<p><strong>Tegucigalpa,Honduras jueves 09 febrero 2023<\/strong><\/p>\n<\/p>\n<p>El presidente de Ucrania, Volodymyr Zelensky, lleg\u00f3 al Parlamento Europeo en Bruselas antes de una cumbre de la UE este jueves.<\/p>\n<p>Fue recibido por la presidenta del Parlamento Europeo, Roberta Metsola.<\/p>\n<p>Se espera que Zelensky se dirija al Parlamento de la UE m\u00e1s tarde como parte de una campa\u00f1a para persuadir a Occidente de que env\u00ede m\u00e1s armas y apoyo militar para contrarrestar una esperada ofensiva rusa de primavera.<\/p>\n<p><strong>Fuente: Poder Popular<\/strong><\/p>\n","protected":false},"excerpt":{"rendered":"<p>Tegucigalpa,Honduras jueves 09 febrero 2023 El presidente de Ucrania, Volodymyr Zelensky, lleg\u00f3 al Parlamento Europeo en Bruselas antes de una cumbre de la UE este jueves. Fue recibido por la presidenta del Parlamento Europeo, Roberta Metsola. Se espera que Zelensky se dirija al Parlamento de la UE m\u00e1s tarde como parte de una campa\u00f1a para &hellip;<\/p>\n","protected":false},"author":0,"featured_media":49591,"comment_status":"open","ping_status":"open","sticky":false,"template":"","format":"standard","meta":{"_jetpack_memberships_contains_paid_content":false,"footnotes":""},"categories":[5],"tags":[],"class_list":["post-49590","post","type-post","status-publish","format-standard","has-post-thumbnail","","category-noticias"],"jetpack_sharing_enabled":true,"jetpack_featured_media_url":"http:\/\/mickyandoniehn.com\/radio\/wp-content\/uploads\/2023\/02\/CNN-Zelensky-2kgH9q.jpeg","_links":{"self":[{"href":"http:\/\/mickyandoniehn.com\/radio\/wp-json\/wp\/v2\/posts\/49590","targetHints":{"allow":["GET"]}}],"collection":[{"href":"http:\/\/mickyandoniehn.com\/radio\/wp-json\/wp\/v2\/posts"}],"about":[{"href":"http:\/\/mickyandoniehn.com\/radio\/wp-json\/wp\/v2\/types\/post"}],"replies":[{"embeddable":true,"href":"http:\/\/mickyandoniehn.com\/radio\/wp-json\/wp\/v2\/comments?post=49590"}],"version-history":[{"count":0,"href":"http:\/\/mickyandoniehn.com\/radio\/wp-json\/wp\/v2\/posts\/49590\/revisions"}],"wp:featuredmedia":[{"embeddable":true,"href":"http:\/\/mickyandoniehn.com\/radio\/wp-json\/wp\/v2\/media\/49591"}],"wp:attachment":[{"href":"http:\/\/mickyandoniehn.com\/radio\/wp-json\/wp\/v2\/media?parent=49590"}],"wp:term":[{"taxonomy":"category","embeddable":true,"href":"http:\/\/mickyandoniehn.com\/radio\/wp-json\/wp\/v2\/categories?post=49590"},{"taxonomy":"post_tag","embeddable":true,"href":"http:\/\/mickyandoniehn.com\/radio\/wp-json\/wp\/v2\/tags?post=49590"}],"curies":[{"name":"wp","href":"https:\/\/api.w.org\/{rel}","templated":true}]}}