{"id":49586,"date":"2023-02-09T06:12:37","date_gmt":"2023-02-09T12:12:37","guid":{"rendered":"https:\/\/mickyandoniehn.com\/radio\/2023\/02\/09\/cifran-en-46000-la-poblacion-de-iguanas-amarillas-en-isla-de-las-galapagos\/"},"modified":"2023-02-09T06:12:37","modified_gmt":"2023-02-09T12:12:37","slug":"cifran-en-46000-la-poblacion-de-iguanas-amarillas-en-isla-de-las-galapagos","status":"publish","type":"post","link":"http:\/\/mickyandoniehn.com\/radio\/2023\/02\/09\/cifran-en-46000-la-poblacion-de-iguanas-amarillas-en-isla-de-las-galapagos\/","title":{"rendered":"Cifran en 46,000 la poblaci\u00f3n de iguanas amarillas en isla de las Gal\u00e1pagos"},"content":{"rendered":"<p><strong>Tegucigalpa,Honduras jueves 09 febrero 2023<\/strong><\/p>\n<\/p>\n<p>La Direcci\u00f3n del Parque Nacional Gal\u00e1pagos (DPNG) inform\u00f3 \u00a0de un aumento en la poblaci\u00f3n de iguanas amarillas en la isla Fernandina, del archipi\u00e9lago ecuatoriano de las Islas Gal\u00e1pagos, hasta ubicarse en 46.000 individuos.<\/p>\n<p>El estudio lo realiz\u00f3 un equipo de guardaparques del Parque Nacional, bajo el asesoramiento del cient\u00edfico investigador Luis Ortiz-Catedral, quienes evaluaron la densidad poblacional de las iguanas terrestres amarillas (Conolophus subcristatus) en Fernandina, una de las islas m\u00e1s grandes y pr\u00edstinas del archipi\u00e9lago.<\/p>\n<p>El trabajo de campo se realiz\u00f3 en 2018 y el equipo de investigadores utiliz\u00f3 la metodolog\u00eda captura, marca, recaptura, en dos periodos distintos en ese a\u00f1o, en las \u00e1reas de pre-apareamiento y apareamiento de los reptiles.<\/p>\n<p>Esta acci\u00f3n permiti\u00f3 determinar la densidad de iguanas amarillas en este tipo de h\u00e1bitat, indic\u00f3 la DPNG en un comunicado en el que apunt\u00f3 que posteriormente, se extrapol\u00f3 esta informaci\u00f3n a la cantidad de \u00e1reas en condiciones similares que tiene la isla Fernandina y se estim\u00f3 la poblaci\u00f3n.<\/p>\n<p>\u00abLas iguanas terrestres son especies emblem\u00e1ticas de Gal\u00e1pagos, la funci\u00f3n que cumplen en los ecosistemas es importante, ya que su dieta est\u00e1 basada en el consumo de plantas end\u00e9micas y esto permite la distribuci\u00f3n de semillas, convirti\u00e9ndose en ingenieras del ecosistema\u00bb, dijo Danny Rueda C\u00f3rdova, director del Parque Nacional Gal\u00e1pagos.<\/p>\n<p>A\u00f1adi\u00f3 que tener una poblaci\u00f3n saludable de iguanas terrestres garantiza mantener la funcionalidad y salud de los ecosistemas para beneficio de toda la biodiversidad que lo conforma.<\/p>\n<p>\u00abEste estudio nos permite refinar estrategias de conservaci\u00f3n, ya que nos brinda una referencia de la capacidad de carga para estos reptiles en un h\u00e1bitat saludable\u00bb, se\u00f1al\u00f3.<\/p>\n<p>Las iguanas terrestres de Gal\u00e1pagos pueden vivir hasta 30 o m\u00e1s a\u00f1os, por lo que monitoreos como el realizado ayudan tambi\u00e9n a formar una base s\u00f3lida para entender la tasa de reclutamiento de juveniles en la poblaci\u00f3n, dijo Ortiz-Catedral, cient\u00edfico asesor de la investigaci\u00f3n.<\/p>\n<p>\u00abAl ser una poblaci\u00f3n en una isla pr\u00edstina, las iguanas de Fernandina nos permiten entender tambi\u00e9n la respuesta que tendr\u00edan otras poblaciones de iguanas despu\u00e9s del control de especies introducidas\u00bb, anot\u00f3.<\/p>\n<p>La Direcci\u00f3n del Parque Nacional Gal\u00e1pagos record\u00f3 que la isla Fernandina la conforma el volc\u00e1n La Cumbre, uno de los m\u00e1s activos del mundo.<\/p>\n<p>Se trata de la tercera isla m\u00e1s grande del archipi\u00e9lago con una extensi\u00f3n de 638 kil\u00f3metros cuadrados, y alberga una variedad de especies end\u00e9micas como ping\u00fcinos, cormoranes, y aves terrestres como pinzones.<\/p>\n<p>Las culebras y gavilanes de Gal\u00e1pagos constituyen el principal predador de las iguanas amarillas en sus primeras etapas de vida.<\/p>\n<p>El archipi\u00e9lago de Gal\u00e1pagos est\u00e1 situado unos mil kil\u00f3metros al oeste de las costas continentales de Ecuador y gracias a su rica biodiversidad es considerado un laboratorio natural que permiti\u00f3 al cient\u00edfico ingl\u00e9s Charles Darwin desarrollar su teor\u00eda sobre la evoluci\u00f3n y selecci\u00f3n natural de las especies.<\/p>\n<p>La organizaci\u00f3n de las Naciones Unidas para la Educaci\u00f3n, la Ciencia y la Cultura (UNESCO) declar\u00f3 en 1978 a Gal\u00e1pagos como patrimonio natural de la humanidad.<\/p>\n<p><strong>Fuente:La Tribuna<\/strong><\/p>\n","protected":false},"excerpt":{"rendered":"<p>Tegucigalpa,Honduras jueves 09 febrero 2023 La Direcci\u00f3n del Parque Nacional Gal\u00e1pagos (DPNG) inform\u00f3 \u00a0de un aumento en la poblaci\u00f3n de iguanas amarillas en la isla Fernandina, del archipi\u00e9lago ecuatoriano de las Islas Gal\u00e1pagos, hasta ubicarse en 46.000 individuos. El estudio lo realiz\u00f3 un equipo de guardaparques del Parque Nacional, bajo el asesoramiento del cient\u00edfico investigador &hellip;<\/p>\n","protected":false},"author":0,"featured_media":49587,"comment_status":"open","ping_status":"open","sticky":false,"template":"","format":"standard","meta":{"_jetpack_memberships_contains_paid_content":false,"footnotes":""},"categories":[5],"tags":[],"class_list":["post-49586","post","type-post","status-publish","format-standard","has-post-thumbnail","","category-noticias"],"jetpack_sharing_enabled":true,"jetpack_featured_media_url":"http:\/\/mickyandoniehn.com\/radio\/wp-content\/uploads\/2023\/02\/iguanas-696x461-1-K1ngTQ.jpeg","_links":{"self":[{"href":"http:\/\/mickyandoniehn.com\/radio\/wp-json\/wp\/v2\/posts\/49586","targetHints":{"allow":["GET"]}}],"collection":[{"href":"http:\/\/mickyandoniehn.com\/radio\/wp-json\/wp\/v2\/posts"}],"about":[{"href":"http:\/\/mickyandoniehn.com\/radio\/wp-json\/wp\/v2\/types\/post"}],"replies":[{"embeddable":true,"href":"http:\/\/mickyandoniehn.com\/radio\/wp-json\/wp\/v2\/comments?post=49586"}],"version-history":[{"count":0,"href":"http:\/\/mickyandoniehn.com\/radio\/wp-json\/wp\/v2\/posts\/49586\/revisions"}],"wp:featuredmedia":[{"embeddable":true,"href":"http:\/\/mickyandoniehn.com\/radio\/wp-json\/wp\/v2\/media\/49587"}],"wp:attachment":[{"href":"http:\/\/mickyandoniehn.com\/radio\/wp-json\/wp\/v2\/media?parent=49586"}],"wp:term":[{"taxonomy":"category","embeddable":true,"href":"http:\/\/mickyandoniehn.com\/radio\/wp-json\/wp\/v2\/categories?post=49586"},{"taxonomy":"post_tag","embeddable":true,"href":"http:\/\/mickyandoniehn.com\/radio\/wp-json\/wp\/v2\/tags?post=49586"}],"curies":[{"name":"wp","href":"https:\/\/api.w.org\/{rel}","templated":true}]}}