{"id":49564,"date":"2023-02-08T13:12:37","date_gmt":"2023-02-08T19:12:37","guid":{"rendered":"https:\/\/mickyandoniehn.com\/radio\/2023\/02\/08\/las-tres-bancadas-mas-importantes-del-cn-no-quieren-ceder-el-control-de-la-csj\/"},"modified":"2023-02-08T13:12:37","modified_gmt":"2023-02-08T19:12:37","slug":"las-tres-bancadas-mas-importantes-del-cn-no-quieren-ceder-el-control-de-la-csj","status":"publish","type":"post","link":"http:\/\/mickyandoniehn.com\/radio\/2023\/02\/08\/las-tres-bancadas-mas-importantes-del-cn-no-quieren-ceder-el-control-de-la-csj\/","title":{"rendered":"Las tres bancadas m\u00e1s importantes del CN no quieren ceder el control de la CSJ"},"content":{"rendered":"<p><strong>Tegucigalpa,Honduras mi\u00e9rcoles 08 febrero 2023<\/strong><\/p>\n<\/p>\n<p>Congreso Nacional por aglutinar 113 de los 128 diputados que integran la C\u00e1mara Legislativa, \u201cno quieren ceder el control de la CSJ por diversas razones\u201d, asever\u00f3 Uma\u00f1a.<\/p>\n<p>\u201cAs\u00ed que veo dif\u00edcil que el pr\u00f3ximo viernes se alcancen los consensos y conseguir los 86 votos para la elecci\u00f3n de la Corte Suprema de Justicia (CSJ) por las principales fuerzas pol\u00edticas del Legislativo no quieren ceder el control de la CSJ, ante los intereses de algunos\u201d, insisti\u00f3 Uma\u00f1a.<\/p>\n<p>Para Uma\u00f1a, la dificultad para alcanzar los 86 votos para el pr\u00f3ximo viernes, es evidente ante la falta de consensos, \u201cpor lo que lament\u00f3 que algunos partidos pol\u00edticos pueden ceder un magistrado, pero no el control de la CSJ ni el de la Sala de lo Constitucional\u201d.<\/p>\n<p>De igual forma, asegur\u00f3 que el Partido Libertad y Refundaci\u00f3n (Libre) quiere incidir en los nombres de magistrados del Partido Liberal con el objetivo que sea afines al primero, \u201cpero no veo que el Partido Liberal est\u00e9 dispuesto a sacrificar un magistrado, porque su bancada est\u00e1 decidida a ser ella la que propongan los nombres de los magistrados a la nueva CSJ\u201d.<\/p>\n<p>Por ende, las \u00fanicas opciones de la distribuci\u00f3n de magistrados son: cinco-cinco-cinco o el seis-cinco-tres-uno, \u201cpor lo que si la sesi\u00f3n legislativa del viernes es convocada para tempranas horas es probable que ya se tengan los consensos, pero si es en la tarde, no hay posibilidades para una elecci\u00f3n\u201d, pronostic\u00f3.<\/p>\n<p>Recalc\u00f3 que es dif\u00edcil y complicado que las tres principales fuerzas pol\u00edticas se pongan de acuerdo para este viernes y eso \u201cme da tristeza y verg\u00fcenza que los intereses partidarios primen sobre los intereses de la naci\u00f3n, pero mi experiencia que he tenido en el Congreso Nacional pens\u00e9 que iba ser diferente, que \u00edbamos a tener un nuevo modelo de pol\u00edticos que \u00edbamos a luchar por Honduras, pero tristemente, no es as\u00ed\u201d.<\/p>\n<p>\u201cPor ende\u2014lament\u00f3\u2013 estamos decepcionados, ya que tenemos tres d\u00edas para reflexionar si queremos una CSJ a la medida de los partidos pol\u00edticos o queremos una a la medida de Honduras\u201d.<\/p>\n<p><strong>Fuente: La Tribuna<\/strong><\/p>\n","protected":false},"excerpt":{"rendered":"<p>Tegucigalpa,Honduras mi\u00e9rcoles 08 febrero 2023 Congreso Nacional por aglutinar 113 de los 128 diputados que integran la C\u00e1mara Legislativa, \u201cno quieren ceder el control de la CSJ por diversas razones\u201d, asever\u00f3 Uma\u00f1a. \u201cAs\u00ed que veo dif\u00edcil que el pr\u00f3ximo viernes se alcancen los consensos y conseguir los 86 votos para la elecci\u00f3n de la Corte &hellip;<\/p>\n","protected":false},"author":0,"featured_media":49565,"comment_status":"open","ping_status":"open","sticky":false,"template":"","format":"standard","meta":{"_jetpack_memberships_contains_paid_content":false,"footnotes":""},"categories":[5],"tags":[],"class_list":["post-49564","post","type-post","status-publish","format-standard","has-post-thumbnail","","category-noticias"],"jetpack_sharing_enabled":true,"jetpack_featured_media_url":"http:\/\/mickyandoniehn.com\/radio\/wp-content\/uploads\/2023\/02\/CARLOS-UMANA-1-750x430-1-HLGk9U.jpeg","_links":{"self":[{"href":"http:\/\/mickyandoniehn.com\/radio\/wp-json\/wp\/v2\/posts\/49564","targetHints":{"allow":["GET"]}}],"collection":[{"href":"http:\/\/mickyandoniehn.com\/radio\/wp-json\/wp\/v2\/posts"}],"about":[{"href":"http:\/\/mickyandoniehn.com\/radio\/wp-json\/wp\/v2\/types\/post"}],"replies":[{"embeddable":true,"href":"http:\/\/mickyandoniehn.com\/radio\/wp-json\/wp\/v2\/comments?post=49564"}],"version-history":[{"count":0,"href":"http:\/\/mickyandoniehn.com\/radio\/wp-json\/wp\/v2\/posts\/49564\/revisions"}],"wp:featuredmedia":[{"embeddable":true,"href":"http:\/\/mickyandoniehn.com\/radio\/wp-json\/wp\/v2\/media\/49565"}],"wp:attachment":[{"href":"http:\/\/mickyandoniehn.com\/radio\/wp-json\/wp\/v2\/media?parent=49564"}],"wp:term":[{"taxonomy":"category","embeddable":true,"href":"http:\/\/mickyandoniehn.com\/radio\/wp-json\/wp\/v2\/categories?post=49564"},{"taxonomy":"post_tag","embeddable":true,"href":"http:\/\/mickyandoniehn.com\/radio\/wp-json\/wp\/v2\/tags?post=49564"}],"curies":[{"name":"wp","href":"https:\/\/api.w.org\/{rel}","templated":true}]}}