{"id":49562,"date":"2023-02-08T13:12:36","date_gmt":"2023-02-08T19:12:36","guid":{"rendered":"https:\/\/mickyandoniehn.com\/radio\/2023\/02\/08\/el-ministro-de-asuntos-exteriores-de-ucrania-plantea-a-su-homologo-neerlandes-la-peticion-de-kyiv-de-aviones-de-combate-f-16\/"},"modified":"2023-02-08T13:12:36","modified_gmt":"2023-02-08T19:12:36","slug":"el-ministro-de-asuntos-exteriores-de-ucrania-plantea-a-su-homologo-neerlandes-la-peticion-de-kyiv-de-aviones-de-combate-f-16","status":"publish","type":"post","link":"http:\/\/mickyandoniehn.com\/radio\/2023\/02\/08\/el-ministro-de-asuntos-exteriores-de-ucrania-plantea-a-su-homologo-neerlandes-la-peticion-de-kyiv-de-aviones-de-combate-f-16\/","title":{"rendered":"El ministro de Asuntos Exteriores de Ucrania plantea a su hom\u00f3logo neerland\u00e9s la petici\u00f3n de Kyiv de aviones de combate F-16"},"content":{"rendered":"<p><strong>Tegucigalpa,Honduras mi\u00e9rcoles 08 febrero 2023<\/strong><\/p>\n<\/p>\n<p>El ministro de Asuntos Exteriores de Ucrania, Dmytro Kuleba, dijo que habl\u00f3 con su hom\u00f3logo neerland\u00e9s, Wopke Hoekstra, este mi\u00e9rcoles \u00abpara coordinar nuestros pasos internacionales a medida que se acerca el primer aniversario de la invasi\u00f3n a gran escala de Rusia\u00bb.<\/p>\n<p>Kuleba dijo <a href=\"https:\/\/twitter.com\/DmytroKuleba\/status\/1623341803905728513?s=20&amp;t=cqwIMLxW8LLUupAj3gkpxw\" target=\"_blank\" rel=\"noopener\">en un tuit<\/a> que plante\u00f3 la cuesti\u00f3n de la solicitud de Ucrania de aviones de combate F-16.<\/p>\n<p>\u00abLe di las gracias (a Hoekstra) por la \u00faltima decisi\u00f3n sobre los tanques. Tambi\u00e9n plante\u00e9 la cuesti\u00f3n de los F-16\u00bb, dec\u00eda el tuit. \u00abSeguimos dialogando con Pa\u00edses Bajos y otras naciones sobre aviones de combate\u00bb.<\/p>\n<p><strong>Un poco de contexto<\/strong>: Altos funcionarios ucranianos han intensificado su <a href=\"https:\/\/www.cnn.com\/2023\/01\/26\/europe\/ukraine-tanks-fighter-jets-intl\/index.html\" target=\"_blank\" rel=\"noopener\">campa\u00f1a p\u00fablica de presi\u00f3n para conseguir aviones de combate F-16<\/a>, argumentando que los necesitan urgentemente para defenderse de los ataques rusos con misiles y aviones no tripulados.<\/p>\n<p>Funcionarios estadounidenses y europeos han manifestado a CNN y han dicho p\u00fablicamente que los aviones de combate F-16 son poco pr\u00e1cticos, y se\u00f1alan que Ucrania no ha estado llevando a cabo muchas misiones a\u00e9reas con los aviones de combate que ya tiene debido al peligro que suponen los sistemas antia\u00e9reos rusos, seg\u00fan dijeron anteriormente a CNN.<\/p>\n<p>Pero m\u00e1s recientemente, el Reino Unido est\u00e1 considerando \u00abactivamente\u00bb la posibilidad de enviar aviones de combate brit\u00e1nicos a Ucrania, dijo este mi\u00e9rcoles el portavoz oficial del primer ministro, seg\u00fan la agencia de noticias brit\u00e1nica PA Media. Todav\u00eda no se ha tomado ninguna decisi\u00f3n, seg\u00fan la agencia.<\/p>\n<p><strong>Fuente: La Tribuna<\/strong><\/p>\n","protected":false},"excerpt":{"rendered":"<p>Tegucigalpa,Honduras mi\u00e9rcoles 08 febrero 2023 El ministro de Asuntos Exteriores de Ucrania, Dmytro Kuleba, dijo que habl\u00f3 con su hom\u00f3logo neerland\u00e9s, Wopke Hoekstra, este mi\u00e9rcoles \u00abpara coordinar nuestros pasos internacionales a medida que se acerca el primer aniversario de la invasi\u00f3n a gran escala de Rusia\u00bb. Kuleba dijo en un tuit que plante\u00f3 la cuesti\u00f3n &hellip;<\/p>\n","protected":false},"author":0,"featured_media":49563,"comment_status":"open","ping_status":"open","sticky":false,"template":"","format":"standard","meta":{"_jetpack_memberships_contains_paid_content":false,"footnotes":""},"categories":[5],"tags":[],"class_list":["post-49562","post","type-post","status-publish","format-standard","has-post-thumbnail","","category-noticias"],"jetpack_sharing_enabled":true,"jetpack_featured_media_url":"http:\/\/mickyandoniehn.com\/radio\/wp-content\/uploads\/2023\/02\/ministro-asuntos-exteriores-ucrania-1cJMCi.jpeg","_links":{"self":[{"href":"http:\/\/mickyandoniehn.com\/radio\/wp-json\/wp\/v2\/posts\/49562","targetHints":{"allow":["GET"]}}],"collection":[{"href":"http:\/\/mickyandoniehn.com\/radio\/wp-json\/wp\/v2\/posts"}],"about":[{"href":"http:\/\/mickyandoniehn.com\/radio\/wp-json\/wp\/v2\/types\/post"}],"replies":[{"embeddable":true,"href":"http:\/\/mickyandoniehn.com\/radio\/wp-json\/wp\/v2\/comments?post=49562"}],"version-history":[{"count":0,"href":"http:\/\/mickyandoniehn.com\/radio\/wp-json\/wp\/v2\/posts\/49562\/revisions"}],"wp:featuredmedia":[{"embeddable":true,"href":"http:\/\/mickyandoniehn.com\/radio\/wp-json\/wp\/v2\/media\/49563"}],"wp:attachment":[{"href":"http:\/\/mickyandoniehn.com\/radio\/wp-json\/wp\/v2\/media?parent=49562"}],"wp:term":[{"taxonomy":"category","embeddable":true,"href":"http:\/\/mickyandoniehn.com\/radio\/wp-json\/wp\/v2\/categories?post=49562"},{"taxonomy":"post_tag","embeddable":true,"href":"http:\/\/mickyandoniehn.com\/radio\/wp-json\/wp\/v2\/tags?post=49562"}],"curies":[{"name":"wp","href":"https:\/\/api.w.org\/{rel}","templated":true}]}}