{"id":49554,"date":"2023-02-08T10:12:51","date_gmt":"2023-02-08T16:12:51","guid":{"rendered":"https:\/\/mickyandoniehn.com\/radio\/2023\/02\/08\/sismo-de-6-0-grados-de-magnitud-sacude-el-caribe-hondureno\/"},"modified":"2023-02-08T10:12:51","modified_gmt":"2023-02-08T16:12:51","slug":"sismo-de-6-0-grados-de-magnitud-sacude-el-caribe-hondureno","status":"publish","type":"post","link":"http:\/\/mickyandoniehn.com\/radio\/2023\/02\/08\/sismo-de-6-0-grados-de-magnitud-sacude-el-caribe-hondureno\/","title":{"rendered":"Sismo de 6.0 grados de magnitud sacude el Caribe hondure\u00f1o"},"content":{"rendered":"<\/p>\n<div class=\"x11i5rnm xat24cr x1mh8g0r x1vvkbs xtlvy1s x126k92a\">\n<div>\n<div class=\"paragraph\">\n<p>Un\u00a0sismo\u00a0de 6.0 grados grados en la escala de Richter se registr\u00f3 la ma\u00f1ana de este mi\u00e9rcoles 8 de febrero en el\u00a0Caribe hondure\u00f1o.<\/p>\n<p>De acuerdo con los datos preliminares, el movimiento tel\u00farico se sinti\u00f3 en Belice, El Salvador, Guatemala, Honduras, Nicaragua y M\u00e9xico.<\/p>\n<p>Fue a 29 kil\u00f3metros de la isla de Roat\u00e1n, en Islas de la Bah\u00eda, y comenz\u00f3 a las 9:16 de la ma\u00f1ana.<\/p>\n<\/div>\n<div class=\"adnotas\">\n<div class=\"text-center\"><\/div>\n<\/div>\n<div class=\"paragraph\">\n<p>Hasta el momento, las autoridades del Comit\u00e9 Permanente de Contingencias (Copeco) no se han pronunciado al respecto.<\/p>\n<p>Los hondure\u00f1os en la zona insular reportaron que el sismo dur\u00f3 cerca de 10 segundos y que caus\u00f3 mucha angustia.<\/p>\n<p>Una de las zonas donde m\u00e1s fuerte se sinti\u00f3, fue en Roat\u00e1n, donde los isle\u00f1os aseguran que tuvieron que salir de sus casas, por el temor de replicas.<\/p>\n<p>El Cuerpo de Bomberos detall\u00f3 que hasta el momento en ninguna de las zonas afectadas se han reportado da\u00f1os.<\/p>\n<\/div>\n<p>Fuente: elheraldo.hn<\/p>\n<\/div>\n<\/div>\n","protected":false},"excerpt":{"rendered":"<p>Un\u00a0sismo\u00a0de 6.0 grados grados en la escala de Richter se registr\u00f3 la ma\u00f1ana de este mi\u00e9rcoles 8 de febrero en el\u00a0Caribe hondure\u00f1o. De acuerdo con los datos preliminares, el movimiento tel\u00farico se sinti\u00f3 en Belice, El Salvador, Guatemala, Honduras, Nicaragua y M\u00e9xico. Fue a 29 kil\u00f3metros de la isla de Roat\u00e1n, en Islas de la &hellip;<\/p>\n","protected":false},"author":0,"featured_media":49555,"comment_status":"open","ping_status":"open","sticky":false,"template":"","format":"standard","meta":{"_jetpack_memberships_contains_paid_content":false,"footnotes":""},"categories":[5],"tags":[],"class_list":["post-49554","post","type-post","status-publish","format-standard","has-post-thumbnail","","category-noticias"],"jetpack_sharing_enabled":true,"jetpack_featured_media_url":"http:\/\/mickyandoniehn.com\/radio\/wp-content\/uploads\/2023\/02\/329746925_6432496350115574_215607328878874414_n-RUuetw.jpeg","_links":{"self":[{"href":"http:\/\/mickyandoniehn.com\/radio\/wp-json\/wp\/v2\/posts\/49554","targetHints":{"allow":["GET"]}}],"collection":[{"href":"http:\/\/mickyandoniehn.com\/radio\/wp-json\/wp\/v2\/posts"}],"about":[{"href":"http:\/\/mickyandoniehn.com\/radio\/wp-json\/wp\/v2\/types\/post"}],"replies":[{"embeddable":true,"href":"http:\/\/mickyandoniehn.com\/radio\/wp-json\/wp\/v2\/comments?post=49554"}],"version-history":[{"count":0,"href":"http:\/\/mickyandoniehn.com\/radio\/wp-json\/wp\/v2\/posts\/49554\/revisions"}],"wp:featuredmedia":[{"embeddable":true,"href":"http:\/\/mickyandoniehn.com\/radio\/wp-json\/wp\/v2\/media\/49555"}],"wp:attachment":[{"href":"http:\/\/mickyandoniehn.com\/radio\/wp-json\/wp\/v2\/media?parent=49554"}],"wp:term":[{"taxonomy":"category","embeddable":true,"href":"http:\/\/mickyandoniehn.com\/radio\/wp-json\/wp\/v2\/categories?post=49554"},{"taxonomy":"post_tag","embeddable":true,"href":"http:\/\/mickyandoniehn.com\/radio\/wp-json\/wp\/v2\/tags?post=49554"}],"curies":[{"name":"wp","href":"https:\/\/api.w.org\/{rel}","templated":true}]}}