{"id":49552,"date":"2023-02-08T09:12:38","date_gmt":"2023-02-08T15:12:38","guid":{"rendered":"https:\/\/mickyandoniehn.com\/radio\/2023\/02\/08\/elon-musk-revelara-su-tercer-plan-maestro-para-tesla-el-proximo-1-de-marzo\/"},"modified":"2023-02-08T09:12:38","modified_gmt":"2023-02-08T15:12:38","slug":"elon-musk-revelara-su-tercer-plan-maestro-para-tesla-el-proximo-1-de-marzo","status":"publish","type":"post","link":"http:\/\/mickyandoniehn.com\/radio\/2023\/02\/08\/elon-musk-revelara-su-tercer-plan-maestro-para-tesla-el-proximo-1-de-marzo\/","title":{"rendered":"Elon Musk revelar\u00e1 su tercer plan maestro para Tesla el pr\u00f3ximo 1 de marzo"},"content":{"rendered":"<\/p>\n<p>Elon Musk est\u00e1 a punto de celebrar uno de los eventos m\u00e1s importantes de Tesla y, por ende,\u00a0<strong>revelar su ambicioso tercer \u201cPlan Maestro\u201d<\/strong>, en el que detalla la estrategia general de la compa\u00f1\u00eda para los pr\u00f3ximos a\u00f1os. El magnate ha confirmado en su perfil de Twitter que el Investor Day se celebrar\u00e1 el pr\u00f3ximo 1 de marzo en la Gigafactory de Texas, en un evento presencial en el que acudir\u00e1n inversores institucionales y minoristas. Tambi\u00e9n ha revelado algunos de los temas a tratar en esta conferencia.<\/p>\n<p>Musk, concretamente, ha revelado en un tweet que el \u201cPlan Maestro 3\u201d es \u201cel camino hacia un futuro energ\u00e9tico totalmente sostenible para la Tierra\u201d. En una publicaci\u00f3n compartida hace un a\u00f1o,\u00a0<a href=\"https:\/\/twitter.com\/elonmusk\/status\/1505791520024186882?s=20&amp;t=-UStPHVnNTQa_8WMoBFo0w\">afirm\u00f3<\/a>\u00a0que\u00a0<strong>\u201clos temas principales de Tesla se escalar\u00e1n a un tama\u00f1o extremo\u201d<\/strong>, destacando que es \u201calgo necesario para alejar a la humanidad de los combustibles f\u00f3siles y la IA\u201d. Sugiere, por tanto, que una de las estrategias de este nuevo plan es incrementar considerablemente la producci\u00f3n de sus veh\u00edculos el\u00e9ctricos.<\/p>\n<p>El CEO de Tesla tambi\u00e9n<strong>\u00a0parece insinuar el lanzamiento de un nuevo veh\u00edculo econ\u00f3mico<\/strong>. Este, sin duda, permitir\u00e1 aumentar la producci\u00f3n a ese tama\u00f1o \u201cextremo\u201d que el propio magnate indica y, por ende, cumplir ese camino hacia un futuro energ\u00e9tico sostenible. No debemos olvidar que Musk confirm\u00f3 su intenci\u00f3n de vender un Tesla\u00a0<a href=\"https:\/\/hipertextual.com\/2021\/09\/elon-musk-pone-fecha-al-tesla-model-2-el-coche-de-25-000-dolares\">Model 2 por unos 25.000 d\u00f3lares<\/a>. Adem\u00e1s, detall\u00f3 en una reuni\u00f3n interna que la producci\u00f3n de este modelo iniciar\u00eda en 2023. M\u00e1s adelante, sin embargo, se revel\u00f3 que los planes de lanzar este modelo se han cancelado o, al menos, pausado. Por tanto, no ser\u00eda extra\u00f1o que Tesla retome este proyecto.<\/p>\n<p>El magnate, adem\u00e1s, confirm\u00f3 que durante la conferencia incluir\u00e1 secciones sobre SpaceX, su compa\u00f1\u00eda aeroespacial, y The Boring Company.<\/p>\n<h2 class=\"has-text-align-center\">Tesla, a punto de anunciar un tercer \u201cPlan Maestro\u201d pese a no haber cumplido todav\u00eda el segundo<\/h2>\n<p>Elon Musk, eso s\u00ed, revelar\u00e1 la estrategia general de la empresa para los pr\u00f3ximos a\u00f1os\u00a0<strong>sin haber cumplido todos los objetivos que propuso durante el anuncio de su segundo \u201cPlan Maestro\u201d<\/strong>.<\/p>\n<p>En este, recordemos, el magnate revel\u00f3 que la intenci\u00f3n de Tesla era, en primer lugar, producir placas solares capaces de integrarse con las bater\u00edas desarrolladas por la propia compa\u00f1\u00eda. Tambi\u00e9n expandir la producci\u00f3n de veh\u00edculos con el objetivo de crear opciones para todos los segmentos, as\u00ed como\u00a0<strong>desarrollar un sistema de conducci\u00f3n aut\u00f3noma que sea 10 veces m\u00e1s seguro que la manual<\/strong>. Musk, tambi\u00e9n dijo que Tesla iba a hacer que los due\u00f1os de un veh\u00edculo pudiesen ganar dinero mientras no usan su coche.<\/p>\n<p><strong>El primer plan maestro<\/strong>, anunciado en 2006 y destinado a la creaci\u00f3n de un veh\u00edculo deportivo que permitiese generar ganancias para desarrollar modelos m\u00e1s baratos, s\u00ed se ha cumplido. Tesla lanz\u00f3 el Rodaster, que permiti\u00f3 financiar la creaci\u00f3n del Model S (modelo m\u00e1s accesible); y m\u00e1s adelante, el Model X. Estos, a su vez, permitieron el desarrollo de dos modelos m\u00e1s econ\u00f3micos, los Model 3 y Model Y.<\/p>\n<p><strong>Fuente: hipertextual.com<\/strong><\/p>\n","protected":false},"excerpt":{"rendered":"<p>Elon Musk est\u00e1 a punto de celebrar uno de los eventos m\u00e1s importantes de Tesla y, por ende,\u00a0revelar su ambicioso tercer \u201cPlan Maestro\u201d, en el que detalla la estrategia general de la compa\u00f1\u00eda para los pr\u00f3ximos a\u00f1os. El magnate ha confirmado en su perfil de Twitter que el Investor Day se celebrar\u00e1 el pr\u00f3ximo 1 &hellip;<\/p>\n","protected":false},"author":0,"featured_media":49553,"comment_status":"open","ping_status":"open","sticky":false,"template":"","format":"standard","meta":{"_jetpack_memberships_contains_paid_content":false,"footnotes":""},"categories":[5],"tags":[],"class_list":["post-49552","post","type-post","status-publish","format-standard","has-post-thumbnail","","category-noticias"],"jetpack_sharing_enabled":true,"jetpack_featured_media_url":"http:\/\/mickyandoniehn.com\/radio\/wp-content\/uploads\/2023\/02\/Elon-Musk-Netflix-virus-woke-6r8jKw.jpeg","_links":{"self":[{"href":"http:\/\/mickyandoniehn.com\/radio\/wp-json\/wp\/v2\/posts\/49552","targetHints":{"allow":["GET"]}}],"collection":[{"href":"http:\/\/mickyandoniehn.com\/radio\/wp-json\/wp\/v2\/posts"}],"about":[{"href":"http:\/\/mickyandoniehn.com\/radio\/wp-json\/wp\/v2\/types\/post"}],"replies":[{"embeddable":true,"href":"http:\/\/mickyandoniehn.com\/radio\/wp-json\/wp\/v2\/comments?post=49552"}],"version-history":[{"count":0,"href":"http:\/\/mickyandoniehn.com\/radio\/wp-json\/wp\/v2\/posts\/49552\/revisions"}],"wp:featuredmedia":[{"embeddable":true,"href":"http:\/\/mickyandoniehn.com\/radio\/wp-json\/wp\/v2\/media\/49553"}],"wp:attachment":[{"href":"http:\/\/mickyandoniehn.com\/radio\/wp-json\/wp\/v2\/media?parent=49552"}],"wp:term":[{"taxonomy":"category","embeddable":true,"href":"http:\/\/mickyandoniehn.com\/radio\/wp-json\/wp\/v2\/categories?post=49552"},{"taxonomy":"post_tag","embeddable":true,"href":"http:\/\/mickyandoniehn.com\/radio\/wp-json\/wp\/v2\/tags?post=49552"}],"curies":[{"name":"wp","href":"https:\/\/api.w.org\/{rel}","templated":true}]}}