{"id":49401,"date":"2023-02-06T03:12:51","date_gmt":"2023-02-06T09:12:51","guid":{"rendered":"http:\/\/mickyandoniehn.com\/radio\/2023\/02\/06\/bomberos-combaten-incendio-forestal-en-tatumbla-y-en-el-departamento-de-la-paz\/"},"modified":"2023-02-06T03:12:51","modified_gmt":"2023-02-06T09:12:51","slug":"bomberos-combaten-incendio-forestal-en-tatumbla-y-en-el-departamento-de-la-paz","status":"publish","type":"post","link":"http:\/\/mickyandoniehn.com\/radio\/2023\/02\/06\/bomberos-combaten-incendio-forestal-en-tatumbla-y-en-el-departamento-de-la-paz\/","title":{"rendered":"Bomberos combaten incendio forestal en Tatumbla y en el departamento de La Paz"},"content":{"rendered":"<p><strong>Tegucigalpa,Honduras lunes 06 febrero 2023<\/strong><\/p>\n<\/p>\n<p>Miembros del Cuerpo de Bomberos combaten incendios forestales en el sector de Tatumbla, Francisco Moraz\u00e1n y en el departamento de La Paz.<\/p>\n<p>Seg\u00fan los socorristas desde las 9:00 de la noche est\u00e1n tratando de controlar las fuertes llamas que consumen el bosque en la zona.<\/p>\n<p>\u201cTatumbla, desde las 9 pm nuestro personal se encuentra combatiendo incendio forestal se protegen viviendas en colonias ubicadas en la zona\u201d,\u00a0postearon en sus redes.<\/p>\n<p>Asimismo, combaten un incendio forestal en el departamento de La Paz.<\/p>\n<p>\u201cTierra Colorada La Paz, se le da atenci\u00f3n a incendio forestal por los momentos es imposible combatirlo, a la espera de condiciones seguras para nuestro personal\u201d,\u00a0postearon.<\/p>\n<p><strong>Fuente: ENTER 504<\/strong><\/p>\n","protected":false},"excerpt":{"rendered":"<p>Tegucigalpa,Honduras lunes 06 febrero 2023 Miembros del Cuerpo de Bomberos combaten incendios forestales en el sector de Tatumbla, Francisco Moraz\u00e1n y en el departamento de La Paz. Seg\u00fan los socorristas desde las 9:00 de la noche est\u00e1n tratando de controlar las fuertes llamas que consumen el bosque en la zona. \u201cTatumbla, desde las 9 pm &hellip;<\/p>\n","protected":false},"author":0,"featured_media":49402,"comment_status":"open","ping_status":"open","sticky":false,"template":"","format":"standard","meta":{"_jetpack_memberships_contains_paid_content":false,"footnotes":""},"categories":[5],"tags":[],"class_list":["post-49401","post","type-post","status-publish","format-standard","has-post-thumbnail","","category-noticias"],"jetpack_sharing_enabled":true,"jetpack_featured_media_url":"http:\/\/mickyandoniehn.com\/radio\/wp-content\/uploads\/2023\/02\/INCENDIO-FORESTAL-Omu0Ww.jpeg","_links":{"self":[{"href":"http:\/\/mickyandoniehn.com\/radio\/wp-json\/wp\/v2\/posts\/49401","targetHints":{"allow":["GET"]}}],"collection":[{"href":"http:\/\/mickyandoniehn.com\/radio\/wp-json\/wp\/v2\/posts"}],"about":[{"href":"http:\/\/mickyandoniehn.com\/radio\/wp-json\/wp\/v2\/types\/post"}],"replies":[{"embeddable":true,"href":"http:\/\/mickyandoniehn.com\/radio\/wp-json\/wp\/v2\/comments?post=49401"}],"version-history":[{"count":0,"href":"http:\/\/mickyandoniehn.com\/radio\/wp-json\/wp\/v2\/posts\/49401\/revisions"}],"wp:featuredmedia":[{"embeddable":true,"href":"http:\/\/mickyandoniehn.com\/radio\/wp-json\/wp\/v2\/media\/49402"}],"wp:attachment":[{"href":"http:\/\/mickyandoniehn.com\/radio\/wp-json\/wp\/v2\/media?parent=49401"}],"wp:term":[{"taxonomy":"category","embeddable":true,"href":"http:\/\/mickyandoniehn.com\/radio\/wp-json\/wp\/v2\/categories?post=49401"},{"taxonomy":"post_tag","embeddable":true,"href":"http:\/\/mickyandoniehn.com\/radio\/wp-json\/wp\/v2\/tags?post=49401"}],"curies":[{"name":"wp","href":"https:\/\/api.w.org\/{rel}","templated":true}]}}