{"id":49397,"date":"2023-02-06T03:12:48","date_gmt":"2023-02-06T09:12:48","guid":{"rendered":"http:\/\/mickyandoniehn.com\/radio\/2023\/02\/06\/muere-el-exdictador-paquistani-pervez-musharraf\/"},"modified":"2023-02-06T03:12:48","modified_gmt":"2023-02-06T09:12:48","slug":"muere-el-exdictador-paquistani-pervez-musharraf","status":"publish","type":"post","link":"http:\/\/mickyandoniehn.com\/radio\/2023\/02\/06\/muere-el-exdictador-paquistani-pervez-musharraf\/","title":{"rendered":"Muere el exdictador paquistan\u00ed Pervez Musharraf"},"content":{"rendered":"<p><strong>Tegucigalpa,Honduras lunes 06 febrero 2023<\/strong><\/p>\n<\/p>\n<p>El exdictador militar paquistan\u00ed Pervez Musharraf, que gobern\u00f3 esta potencia nuclear por casi una d\u00e9cada, muri\u00f3 este domingo en Dub\u00e1i tras varios a\u00f1os padeciendo una rara enfermedad, informaron allegados y fuentes oficiales.<\/p>\n<p>El general \u201cmuri\u00f3 hoy en el American Hospital de Dub\u00e1i a la edad de 79 a\u00f1os. Sufr\u00eda de una enfermedad rara llamada amiloidosis\u201d, confirm\u00f3 a EFE el expresidente del All Pakistan Muslim League, la formaci\u00f3n de Musharraf, Muhammed Amjad.<\/p>\n<p>Musharraf estaba siendo tratado en Dub\u00e1i, donde resid\u00eda, por amiloidosis, una rara enfermedad que se produce por la acumulaci\u00f3n en los \u00f3rganos de una prote\u00edna llamada amiloide, lo que altera el funcionamiento de los tejidos y provocan disfunciones.<\/p>\n<p>\u201cAtravesando una etapa dif\u00edcil donde la recuperaci\u00f3n no es posible y los \u00f3rganos no funcionan correctamente. Oren por su tranquilidad en su diario vivir\u201d, dijo la familia en un comunicado publicado en junio pasado.<\/p>\n<p>El ala de prensa del Ej\u00e9rcito paquistan\u00ed expres\u00f3 en un comunicado sus \u201cm\u00e1s sinceras condolencias por el triste fallecimiento del general Pervez Musharraf, ex presidente, CJCSC (Comit\u00e9 de Jefes de Estado Mayor Conjunto) y jefe del Estado Mayor del ej\u00e9rcito\u201d.<\/p>\n<p>\u201cQue Al\u00e1 bendiga el alma del difunto y d\u00e9 fuerza a la familia en duelo\u201d, a\u00f1adi\u00f3.<\/p>\n<p>El primer ministro Shehbaz Sharif en un breve mensaje ofreci\u00f3 tambi\u00e9n \u201csus condolencias a la familia del general (retirado) Pervez Musharraf. \u00a1Que el alma del difunto descanse en paz!\u201d, public\u00f3 en Twitter.<\/p>\n<p>De acuerdo con el paquistan\u00ed Geo TV, el lunes se realizar\u00e1 un vuelo especial desde Dubai para llevar el cuerpo de Musharraf de regreso a Pakist\u00e1n para su entierro.<\/p>\n<p>Sin embargo, de acuerdo con Amjad, \u201csu familia tomar\u00e1 la decisi\u00f3n final sobre si su cuerpo ser\u00e1 devuelto a Pakist\u00e1n o no. Su madre fue enterrada en Dub\u00e1i, as\u00ed que tal vez decidan enterrarlo tambi\u00e9n en Dub\u00e1i, eso est\u00e1 por verse\u201d, indic\u00f3.<\/p>\n<p>Musharraf, que enfrentaba en Pakist\u00e1n varios casos judiciales, se encontraba en Dubai desde 2016, adonde viaj\u00f3 para atender su salud con la promesa de volver para hacer frente a la Justicia, pero desde entonces hab\u00eda rechazado regresar.<\/p>\n<p>El militar retirado que lleg\u00f3 al poder mediante un golpe de Estado en 1999 y gobern\u00f3 la potencia nuclear hasta 2008, fue juzgado por un tribunal especial por el delito de traici\u00f3n contra el militar, acusado de imponer el estado de excepci\u00f3n y decretar la detenci\u00f3n de decenas de jueces.<\/p>\n<p><strong>Fuente: Diario Roat\u00e1n<\/strong><\/p>\n","protected":false},"excerpt":{"rendered":"<p>Tegucigalpa,Honduras lunes 06 febrero 2023 El exdictador militar paquistan\u00ed Pervez Musharraf, que gobern\u00f3 esta potencia nuclear por casi una d\u00e9cada, muri\u00f3 este domingo en Dub\u00e1i tras varios a\u00f1os padeciendo una rara enfermedad, informaron allegados y fuentes oficiales. El general \u201cmuri\u00f3 hoy en el American Hospital de Dub\u00e1i a la edad de 79 a\u00f1os. Sufr\u00eda de &hellip;<\/p>\n","protected":false},"author":0,"featured_media":49398,"comment_status":"open","ping_status":"open","sticky":false,"template":"","format":"standard","meta":{"_jetpack_memberships_contains_paid_content":false,"footnotes":""},"categories":[5],"tags":[],"class_list":["post-49397","post","type-post","status-publish","format-standard","has-post-thumbnail","","category-noticias"],"jetpack_sharing_enabled":true,"jetpack_featured_media_url":"http:\/\/mickyandoniehn.com\/radio\/wp-content\/uploads\/2023\/02\/RAT-PAKISTAN-EXDICTADOR-050223-L2VnJr.jpeg","_links":{"self":[{"href":"http:\/\/mickyandoniehn.com\/radio\/wp-json\/wp\/v2\/posts\/49397","targetHints":{"allow":["GET"]}}],"collection":[{"href":"http:\/\/mickyandoniehn.com\/radio\/wp-json\/wp\/v2\/posts"}],"about":[{"href":"http:\/\/mickyandoniehn.com\/radio\/wp-json\/wp\/v2\/types\/post"}],"replies":[{"embeddable":true,"href":"http:\/\/mickyandoniehn.com\/radio\/wp-json\/wp\/v2\/comments?post=49397"}],"version-history":[{"count":0,"href":"http:\/\/mickyandoniehn.com\/radio\/wp-json\/wp\/v2\/posts\/49397\/revisions"}],"wp:featuredmedia":[{"embeddable":true,"href":"http:\/\/mickyandoniehn.com\/radio\/wp-json\/wp\/v2\/media\/49398"}],"wp:attachment":[{"href":"http:\/\/mickyandoniehn.com\/radio\/wp-json\/wp\/v2\/media?parent=49397"}],"wp:term":[{"taxonomy":"category","embeddable":true,"href":"http:\/\/mickyandoniehn.com\/radio\/wp-json\/wp\/v2\/categories?post=49397"},{"taxonomy":"post_tag","embeddable":true,"href":"http:\/\/mickyandoniehn.com\/radio\/wp-json\/wp\/v2\/tags?post=49397"}],"curies":[{"name":"wp","href":"https:\/\/api.w.org\/{rel}","templated":true}]}}