{"id":49393,"date":"2023-02-06T03:12:46","date_gmt":"2023-02-06T09:12:46","guid":{"rendered":"http:\/\/mickyandoniehn.com\/radio\/2023\/02\/06\/fallecio-rene-arturo-bendana-ex-presidente-de-marathon-y-liga-nacional\/"},"modified":"2023-02-06T03:12:46","modified_gmt":"2023-02-06T09:12:46","slug":"fallecio-rene-arturo-bendana-ex-presidente-de-marathon-y-liga-nacional","status":"publish","type":"post","link":"http:\/\/mickyandoniehn.com\/radio\/2023\/02\/06\/fallecio-rene-arturo-bendana-ex-presidente-de-marathon-y-liga-nacional\/","title":{"rendered":"Falleci\u00f3 Rene Arturo Benda\u00f1a, ex presidente de Marath\u00f3n y Liga Nacional"},"content":{"rendered":"<p><strong>Tegucigalpa,Honduras lunes 06 febrero 2023<\/strong><\/p>\n<\/p>\n<p>El ex presidente de Marathon y de la Liga Nacional, Ren\u00e9 Arturo Benda\u00f1a, ha fallecido en las \u00faltimas horas, lo que ha causado costernaci\u00f3n en la familia del f\u00fatbol y sus m\u00e1s cercanos familiares.<\/p>\n<p>La noticia ha causado enorme tristeza en la familia verdolaga que hoy ha respetado un minuto de silencio en su honor previo al partido que Marathon venci\u00f3 1-0 al Victoria en el estadio Yankel Rosenthal.<\/p>\n<p>El recordado dirigente es de la generaci\u00f3n de Neptaly L\u00f3pez, Alfonso Pozzo, Erwin Rosenthal, Jes\u00fas V\u00e9lez Banegas, Jer\u00f3nimo Sandoval, Reginaldo Panting, Gabriel Katt\u00e1n y otros grandes dirigentes con quienes manejaron al Marathon y luego fue parte de la Liga Nacional como presidente, pero no concluy\u00f3 su mandato porque tuvo que viajar por funciones diplom\u00e1ticas fuera del pa\u00eds, concluyendo su per\u00edodo Nepatly L\u00f3pez.<\/p>\n<p>Tambi\u00e9n en vida fue primo del doctor Arturo \u00abTuky\u00bb Benda\u00f1a, ex presidente campe\u00f3n con Marathon, quien est\u00e1 altamente consternado con la partida sin retorno de su familiar.<\/p>\n<p><strong>Fuente: La Tribuna<\/strong><\/p>\n","protected":false},"excerpt":{"rendered":"<p>Tegucigalpa,Honduras lunes 06 febrero 2023 El ex presidente de Marathon y de la Liga Nacional, Ren\u00e9 Arturo Benda\u00f1a, ha fallecido en las \u00faltimas horas, lo que ha causado costernaci\u00f3n en la familia del f\u00fatbol y sus m\u00e1s cercanos familiares. La noticia ha causado enorme tristeza en la familia verdolaga que hoy ha respetado un minuto &hellip;<\/p>\n","protected":false},"author":0,"featured_media":49394,"comment_status":"open","ping_status":"open","sticky":false,"template":"","format":"standard","meta":{"_jetpack_memberships_contains_paid_content":false,"footnotes":""},"categories":[5],"tags":[],"class_list":["post-49393","post","type-post","status-publish","format-standard","has-post-thumbnail","","category-noticias"],"jetpack_sharing_enabled":true,"jetpack_featured_media_url":"http:\/\/mickyandoniehn.com\/radio\/wp-content\/uploads\/2023\/02\/RENE-ARTURO-BENDANA-HSSnhP.jpeg","_links":{"self":[{"href":"http:\/\/mickyandoniehn.com\/radio\/wp-json\/wp\/v2\/posts\/49393","targetHints":{"allow":["GET"]}}],"collection":[{"href":"http:\/\/mickyandoniehn.com\/radio\/wp-json\/wp\/v2\/posts"}],"about":[{"href":"http:\/\/mickyandoniehn.com\/radio\/wp-json\/wp\/v2\/types\/post"}],"replies":[{"embeddable":true,"href":"http:\/\/mickyandoniehn.com\/radio\/wp-json\/wp\/v2\/comments?post=49393"}],"version-history":[{"count":0,"href":"http:\/\/mickyandoniehn.com\/radio\/wp-json\/wp\/v2\/posts\/49393\/revisions"}],"wp:featuredmedia":[{"embeddable":true,"href":"http:\/\/mickyandoniehn.com\/radio\/wp-json\/wp\/v2\/media\/49394"}],"wp:attachment":[{"href":"http:\/\/mickyandoniehn.com\/radio\/wp-json\/wp\/v2\/media?parent=49393"}],"wp:term":[{"taxonomy":"category","embeddable":true,"href":"http:\/\/mickyandoniehn.com\/radio\/wp-json\/wp\/v2\/categories?post=49393"},{"taxonomy":"post_tag","embeddable":true,"href":"http:\/\/mickyandoniehn.com\/radio\/wp-json\/wp\/v2\/tags?post=49393"}],"curies":[{"name":"wp","href":"https:\/\/api.w.org\/{rel}","templated":true}]}}