{"id":49387,"date":"2023-02-06T03:12:41","date_gmt":"2023-02-06T09:12:41","guid":{"rendered":"http:\/\/mickyandoniehn.com\/radio\/2023\/02\/06\/aeronautica-civil-hace-efectiva-la-evaluacion-del-aeropuerto-de-utila-para-su-pronta-reparacion\/"},"modified":"2023-02-06T03:12:41","modified_gmt":"2023-02-06T09:12:41","slug":"aeronautica-civil-hace-efectiva-la-evaluacion-del-aeropuerto-de-utila-para-su-pronta-reparacion","status":"publish","type":"post","link":"http:\/\/mickyandoniehn.com\/radio\/2023\/02\/06\/aeronautica-civil-hace-efectiva-la-evaluacion-del-aeropuerto-de-utila-para-su-pronta-reparacion\/","title":{"rendered":"Aeron\u00e1utica Civil hace efectiva la evaluaci\u00f3n del aeropuerto de Utila para su pronta reparaci\u00f3n"},"content":{"rendered":"<p><strong>Tegucigalpa,Honduras lunes 06 febrero 2023<\/strong><\/p>\n<\/p>\n<p>Luego de anunciar la visita de <a href=\"https:\/\/ahac.gob.hn\/\">Aeron\u00e1utica Civil<\/a> al municipio de Utila para evaluar la pista del aeropuerto, hoy ya es una realidad. Pues el equipo especializado en aer\u00f3dromos junto con el alcalde Alexander Ebanks unieron esfuerzos para realizar de inmediato el respectivo informe preliminar.<\/p>\n<p>Dicho informe dar\u00e1 paso a la ejecuci\u00f3n del informe final, el cual se presume que ser\u00e1 presentado en los pr\u00f3ximos d\u00edas. As\u00ed se continuar\u00e1 con el pronto seguimiento al proyecto de restauraci\u00f3n del aer\u00f3dromo Utila.<\/p>\n<p>Pues el deterioro y mal estado del aeropuerto ha mostrado muchas limitantes para el desarrollo tur\u00edstico. Ya que muchas aerol\u00edneas no arriban al municipio por que la pista no tiene las caracter\u00edsticas y capacidad necesarias.<\/p>\n<p>\u201cNos urge demasiado esta reparaci\u00f3n porque es el \u00fanico aeropuerto con el que cuenta el municipio. Esa pista lleva a\u00f1os as\u00ed, porque nadie le hab\u00eda prestado la atenci\u00f3n necesaria\u201d, coment\u00f3 Tony Garcia de la Oficina de Turismo en Utila.<\/p>\n<p>As\u00ed mismo, se incluye la participaci\u00f3n de la Unidad Municipal Ambiental, ya que hay mucha maleza que sobresale en la pista. Una vez reparada esta pista, se presentar\u00eda significativamente un aumento en la demanda tur\u00edstica. Ya que se tendr\u00e1 la libertad de negociar con aerol\u00edneas nuevas para que lleguen a Utila.<\/p>\n<p>\u201cTambi\u00e9n se espera que se pueda mejorar tambi\u00e9n la zona de espera, hacerla m\u00e1s adecuada para los turistas\u201d, a\u00f1adi\u00f3 Garcia.<\/p>\n<p>Garcia tambi\u00e9n recalc\u00f3 que se espera la reparaci\u00f3n\u00a0 del alumbrado de la pista. Puesto que, es muy dif\u00edcil cuando se han dado vuelos nocturnos de emergencia.<\/p>\n<p><strong>Fuente: Diario Roat\u00e1n<\/strong><\/p>\n","protected":false},"excerpt":{"rendered":"<p>Tegucigalpa,Honduras lunes 06 febrero 2023 Luego de anunciar la visita de Aeron\u00e1utica Civil al municipio de Utila para evaluar la pista del aeropuerto, hoy ya es una realidad. Pues el equipo especializado en aer\u00f3dromos junto con el alcalde Alexander Ebanks unieron esfuerzos para realizar de inmediato el respectivo informe preliminar. Dicho informe dar\u00e1 paso a &hellip;<\/p>\n","protected":false},"author":0,"featured_media":49388,"comment_status":"open","ping_status":"open","sticky":false,"template":"","format":"standard","meta":{"_jetpack_memberships_contains_paid_content":false,"footnotes":""},"categories":[5],"tags":[],"class_list":["post-49387","post","type-post","status-publish","format-standard","has-post-thumbnail","","category-noticias"],"jetpack_sharing_enabled":true,"jetpack_featured_media_url":"http:\/\/mickyandoniehn.com\/radio\/wp-content\/uploads\/2023\/02\/328257381_577867097531164_8034212094275590631_n-750x430-1-Esh1YM.jpeg","_links":{"self":[{"href":"http:\/\/mickyandoniehn.com\/radio\/wp-json\/wp\/v2\/posts\/49387","targetHints":{"allow":["GET"]}}],"collection":[{"href":"http:\/\/mickyandoniehn.com\/radio\/wp-json\/wp\/v2\/posts"}],"about":[{"href":"http:\/\/mickyandoniehn.com\/radio\/wp-json\/wp\/v2\/types\/post"}],"replies":[{"embeddable":true,"href":"http:\/\/mickyandoniehn.com\/radio\/wp-json\/wp\/v2\/comments?post=49387"}],"version-history":[{"count":0,"href":"http:\/\/mickyandoniehn.com\/radio\/wp-json\/wp\/v2\/posts\/49387\/revisions"}],"wp:featuredmedia":[{"embeddable":true,"href":"http:\/\/mickyandoniehn.com\/radio\/wp-json\/wp\/v2\/media\/49388"}],"wp:attachment":[{"href":"http:\/\/mickyandoniehn.com\/radio\/wp-json\/wp\/v2\/media?parent=49387"}],"wp:term":[{"taxonomy":"category","embeddable":true,"href":"http:\/\/mickyandoniehn.com\/radio\/wp-json\/wp\/v2\/categories?post=49387"},{"taxonomy":"post_tag","embeddable":true,"href":"http:\/\/mickyandoniehn.com\/radio\/wp-json\/wp\/v2\/tags?post=49387"}],"curies":[{"name":"wp","href":"https:\/\/api.w.org\/{rel}","templated":true}]}}