{"id":49385,"date":"2023-02-06T03:12:40","date_gmt":"2023-02-06T09:12:40","guid":{"rendered":"http:\/\/mickyandoniehn.com\/radio\/2023\/02\/06\/ucrania-espera-una-vasta-ofensiva-de-las-tropas-rusas-mientras-aumenta-la-presion-en-el-este\/"},"modified":"2023-02-06T03:12:40","modified_gmt":"2023-02-06T09:12:40","slug":"ucrania-espera-una-vasta-ofensiva-de-las-tropas-rusas-mientras-aumenta-la-presion-en-el-este","status":"publish","type":"post","link":"http:\/\/mickyandoniehn.com\/radio\/2023\/02\/06\/ucrania-espera-una-vasta-ofensiva-de-las-tropas-rusas-mientras-aumenta-la-presion-en-el-este\/","title":{"rendered":"Ucrania espera una vasta ofensiva de las tropas rusas mientras aumenta la presi\u00f3n en el este"},"content":{"rendered":"<p><strong>Tegucigalpa,Honduras lunes 06 febrero 2023<\/strong><\/p>\n<\/p>\n<p>a <strong>guerra de Ucrania<\/strong> sigue cobr\u00e1ndose las cabezas de giobernantes ucranianos. El jefe de la inteligencia militar, <strong>Kirilo Budanov<\/strong>, reemplazar\u00e1 a <strong>Oleksii Reznikov<\/strong> como ministro de Defensa de <strong>Ucrania<\/strong>, que espera una vasta ofensiva de las tropas rusas mientras aumenta la presi\u00f3n en el este. El reemplazo se da tras unos esc\u00e1ndalos de corrupci\u00f3n y a la espera de una nueva ofensiva rusa, anunci\u00f3 este domingo el diputado <strong>David Arakhamia<\/strong>.<\/p>\n<p>Su salida ocurre cuando \u00abla situaci\u00f3n es muy dif\u00edcil en la regi\u00f3n de <strong>Donetsk<\/strong> (al este), donde hay batallas feroces\u00bb, subray\u00f3 en la noche el presidente <strong>Volodimir Zelenski<\/strong>.<\/p>\n<p>\u00abMuchos informes indican que los ocupantes quieren hacer algo simb\u00f3lico en febrero. Para tratar de vengar su derrotas del a\u00f1o pasado. Constatamos esa presi\u00f3n creciente en diferentes zonas de la l\u00ednea de frente\u00bb, agreg\u00f3.<\/p>\n<p>Tropas ucranianas y rusas libraban el domingo combates \u00abencarnizados\u00bb en <strong>Bajmut<\/strong>, en el frente este de <strong>Ucrania<\/strong>. Secundado por mercenarios del grupo Wagner, el ej\u00e9rcito ruso intenta apoderarse desde hace meses de esta ciudad, actualmente en ruinas, y donde ambos bandos han sufrido numerosas p\u00e9rdidas.<\/p>\n<p><strong>Fuente: La Tribuna<\/strong><\/p>\n","protected":false},"excerpt":{"rendered":"<p>Tegucigalpa,Honduras lunes 06 febrero 2023 a guerra de Ucrania sigue cobr\u00e1ndose las cabezas de giobernantes ucranianos. El jefe de la inteligencia militar, Kirilo Budanov, reemplazar\u00e1 a Oleksii Reznikov como ministro de Defensa de Ucrania, que espera una vasta ofensiva de las tropas rusas mientras aumenta la presi\u00f3n en el este. El reemplazo se da tras &hellip;<\/p>\n","protected":false},"author":0,"featured_media":49386,"comment_status":"open","ping_status":"open","sticky":false,"template":"","format":"standard","meta":{"_jetpack_memberships_contains_paid_content":false,"footnotes":""},"categories":[5],"tags":[],"class_list":["post-49385","post","type-post","status-publish","format-standard","has-post-thumbnail","","category-noticias"],"jetpack_sharing_enabled":true,"jetpack_featured_media_url":"http:\/\/mickyandoniehn.com\/radio\/wp-content\/uploads\/2023\/02\/16756686796184-YdS8K0.jpeg","_links":{"self":[{"href":"http:\/\/mickyandoniehn.com\/radio\/wp-json\/wp\/v2\/posts\/49385","targetHints":{"allow":["GET"]}}],"collection":[{"href":"http:\/\/mickyandoniehn.com\/radio\/wp-json\/wp\/v2\/posts"}],"about":[{"href":"http:\/\/mickyandoniehn.com\/radio\/wp-json\/wp\/v2\/types\/post"}],"replies":[{"embeddable":true,"href":"http:\/\/mickyandoniehn.com\/radio\/wp-json\/wp\/v2\/comments?post=49385"}],"version-history":[{"count":0,"href":"http:\/\/mickyandoniehn.com\/radio\/wp-json\/wp\/v2\/posts\/49385\/revisions"}],"wp:featuredmedia":[{"embeddable":true,"href":"http:\/\/mickyandoniehn.com\/radio\/wp-json\/wp\/v2\/media\/49386"}],"wp:attachment":[{"href":"http:\/\/mickyandoniehn.com\/radio\/wp-json\/wp\/v2\/media?parent=49385"}],"wp:term":[{"taxonomy":"category","embeddable":true,"href":"http:\/\/mickyandoniehn.com\/radio\/wp-json\/wp\/v2\/categories?post=49385"},{"taxonomy":"post_tag","embeddable":true,"href":"http:\/\/mickyandoniehn.com\/radio\/wp-json\/wp\/v2\/tags?post=49385"}],"curies":[{"name":"wp","href":"https:\/\/api.w.org\/{rel}","templated":true}]}}