{"id":49383,"date":"2023-02-06T03:12:39","date_gmt":"2023-02-06T09:12:39","guid":{"rendered":"http:\/\/mickyandoniehn.com\/radio\/2023\/02\/06\/no-se-esperan-cambios-en-el-ministerio-de-defensa-de-ucrania-esta-semana\/"},"modified":"2023-02-06T03:12:39","modified_gmt":"2023-02-06T09:12:39","slug":"no-se-esperan-cambios-en-el-ministerio-de-defensa-de-ucrania-esta-semana","status":"publish","type":"post","link":"http:\/\/mickyandoniehn.com\/radio\/2023\/02\/06\/no-se-esperan-cambios-en-el-ministerio-de-defensa-de-ucrania-esta-semana\/","title":{"rendered":"No se esperan cambios en el Ministerio de Defensa de Ucrania esta semana"},"content":{"rendered":"<p><strong>Tegucigalpa,Honduras lunes 06 febrero 2023<\/strong><\/p>\n<\/p>\n<p>Un alto funcionario ucraniano dijo el lunes que no se anunciar\u00e1n cambios de personal en el Ministerio de Defensa esta semana, a pesar de haber dicho anteriormente que el Ministro de Defensa Oleksii Reznikov ser\u00eda reemplazado.<\/p>\n<p>David Arakhamia, jefe del bloque parlamentario del presidente Volodymyr Zelenskiy, dijo el domingo que Reznikov ser\u00eda transferido a otro cargo ministerial. El lunes, dej\u00f3 en claro que no habr\u00eda una reorganizaci\u00f3n inmediata.<\/p>\n<p>\u00abNo habr\u00e1 cambios de personal en el sector de defensa esta semana\u00bb, escribi\u00f3 en la aplicaci\u00f3n de mensajer\u00eda Telegram, sin dar m\u00e1s detalles.<\/p>\n<p><strong>Fuente: La Tribuna<\/strong><\/p>\n","protected":false},"excerpt":{"rendered":"<p>Tegucigalpa,Honduras lunes 06 febrero 2023 Un alto funcionario ucraniano dijo el lunes que no se anunciar\u00e1n cambios de personal en el Ministerio de Defensa esta semana, a pesar de haber dicho anteriormente que el Ministro de Defensa Oleksii Reznikov ser\u00eda reemplazado. David Arakhamia, jefe del bloque parlamentario del presidente Volodymyr Zelenskiy, dijo el domingo que &hellip;<\/p>\n","protected":false},"author":0,"featured_media":49384,"comment_status":"open","ping_status":"open","sticky":false,"template":"","format":"standard","meta":{"_jetpack_memberships_contains_paid_content":false,"footnotes":""},"categories":[5],"tags":[],"class_list":["post-49383","post","type-post","status-publish","format-standard","has-post-thumbnail","","category-noticias"],"jetpack_sharing_enabled":true,"jetpack_featured_media_url":"http:\/\/mickyandoniehn.com\/radio\/wp-content\/uploads\/2023\/02\/Unknown-9-IYqCHp.jpeg","_links":{"self":[{"href":"http:\/\/mickyandoniehn.com\/radio\/wp-json\/wp\/v2\/posts\/49383","targetHints":{"allow":["GET"]}}],"collection":[{"href":"http:\/\/mickyandoniehn.com\/radio\/wp-json\/wp\/v2\/posts"}],"about":[{"href":"http:\/\/mickyandoniehn.com\/radio\/wp-json\/wp\/v2\/types\/post"}],"replies":[{"embeddable":true,"href":"http:\/\/mickyandoniehn.com\/radio\/wp-json\/wp\/v2\/comments?post=49383"}],"version-history":[{"count":0,"href":"http:\/\/mickyandoniehn.com\/radio\/wp-json\/wp\/v2\/posts\/49383\/revisions"}],"wp:featuredmedia":[{"embeddable":true,"href":"http:\/\/mickyandoniehn.com\/radio\/wp-json\/wp\/v2\/media\/49384"}],"wp:attachment":[{"href":"http:\/\/mickyandoniehn.com\/radio\/wp-json\/wp\/v2\/media?parent=49383"}],"wp:term":[{"taxonomy":"category","embeddable":true,"href":"http:\/\/mickyandoniehn.com\/radio\/wp-json\/wp\/v2\/categories?post=49383"},{"taxonomy":"post_tag","embeddable":true,"href":"http:\/\/mickyandoniehn.com\/radio\/wp-json\/wp\/v2\/tags?post=49383"}],"curies":[{"name":"wp","href":"https:\/\/api.w.org\/{rel}","templated":true}]}}