{"id":49297,"date":"2023-02-04T06:12:57","date_gmt":"2023-02-04T12:12:57","guid":{"rendered":"http:\/\/mickyandoniehn.com\/radio\/2023\/02\/04\/un-nuevo-centro-comercial-emerge-en-el-puerto-de-tela\/"},"modified":"2023-02-04T06:12:57","modified_gmt":"2023-02-04T12:12:57","slug":"un-nuevo-centro-comercial-emerge-en-el-puerto-de-tela","status":"publish","type":"post","link":"http:\/\/mickyandoniehn.com\/radio\/2023\/02\/04\/un-nuevo-centro-comercial-emerge-en-el-puerto-de-tela\/","title":{"rendered":"Un nuevo centro comercial emerge en el puerto de Tela"},"content":{"rendered":"<p><strong>Tegucigalpa,Honduras s\u00e1bado 04 febrero 2023<\/strong><\/p>\n<\/p>\n<p>La ciudad de <a href=\"https:\/\/www.facebook.com\/municipalidadtela\/\">Tela<\/a> crece de manera acelerada en la construcci\u00f3n de centros comerciales y, por ende, en la creaci\u00f3n de mano de obra.<\/p>\n<p>Un signo de ese crecimiento es la construcci\u00f3n de la Plaza Venecia, del empresario tele\u00f1o Eli Rosa Urrea.<\/p>\n<p>La plaza dispondr\u00e1 de 23 \u00e1reas comerciales, m\u00e1s restaurantes y \u00e1rea financiera.<\/p>\n<p>Actualmente est\u00e1 brindando empleo a unas 70 personas.<\/p>\n<p>Rosa Urrea dijo que conf\u00eda en la gente de Tela y por eso tom\u00e9 a bien iniciar la construcci\u00f3n de este importante proyecto que viene a formar parte del crecimiento comercial de la ciudad.<\/p>\n<p>Agreg\u00f3 que a\u00fan no han terminado con la construcci\u00f3n.<\/p>\n<p>Sin embargo, ya tiene apartados varios locales comerciales por parte de muchos tele\u00f1os emprendedores, que le apuestan a seguir creciendo en sus negocios.<\/p>\n<p>El empresario sostuvo que, si Dios permite, en el mes de marzo le entregan el edificio y en abril comienzan a operar los nuevos negocios que ser\u00edan 23 en total, que, adem\u00e1s, tendremos zonas recreativas para que las familias disfruten mientras realizan sus compras.<\/p>\n<p>Por su parte, el ingeniero \u00d3scar Mej\u00eda, administrador del proyecto, manifest\u00f3 que actualmente est\u00e1n en un 80 por ciento de avance. Explic\u00f3 que el edificio de dos niveles de 45 metros cada uno, tendr\u00e1 locales para venta de comida, tiendas de telefon\u00eda celular, pizzas, tiendas de ropas y otra variedad de negocios.<\/p>\n<p>El empresario El\u00ed Rosa Urrea ha recibido las felicitaciones de muchos empresarios de la ciudad, C\u00e1mara de Comercio y C\u00e1mara de Turismo y otras organizaciones comerciales ya que se abrir\u00e1 un abanico de oportunidades de fuentes de empleo.<\/p>\n<p>Los locales se construyen en barrio Venecia, a la orilla de la carretera CA-13, hacia El Progreso.<\/p>\n<p><strong>Fuente: La Tribuna<\/strong><\/p>\n","protected":false},"excerpt":{"rendered":"<p>Tegucigalpa,Honduras s\u00e1bado 04 febrero 2023 La ciudad de Tela crece de manera acelerada en la construcci\u00f3n de centros comerciales y, por ende, en la creaci\u00f3n de mano de obra. Un signo de ese crecimiento es la construcci\u00f3n de la Plaza Venecia, del empresario tele\u00f1o Eli Rosa Urrea. La plaza dispondr\u00e1 de 23 \u00e1reas comerciales, m\u00e1s &hellip;<\/p>\n","protected":false},"author":0,"featured_media":49298,"comment_status":"open","ping_status":"open","sticky":false,"template":"","format":"standard","meta":{"_jetpack_memberships_contains_paid_content":false,"footnotes":""},"categories":[5],"tags":[],"class_list":["post-49297","post","type-post","status-publish","format-standard","has-post-thumbnail","","category-noticias"],"jetpack_sharing_enabled":true,"jetpack_featured_media_url":"http:\/\/mickyandoniehn.com\/radio\/wp-content\/uploads\/2023\/02\/NUEVO-CENTRO-COMERCIAL-TELA-696x392-1-vzhIjH.jpeg","_links":{"self":[{"href":"http:\/\/mickyandoniehn.com\/radio\/wp-json\/wp\/v2\/posts\/49297","targetHints":{"allow":["GET"]}}],"collection":[{"href":"http:\/\/mickyandoniehn.com\/radio\/wp-json\/wp\/v2\/posts"}],"about":[{"href":"http:\/\/mickyandoniehn.com\/radio\/wp-json\/wp\/v2\/types\/post"}],"replies":[{"embeddable":true,"href":"http:\/\/mickyandoniehn.com\/radio\/wp-json\/wp\/v2\/comments?post=49297"}],"version-history":[{"count":0,"href":"http:\/\/mickyandoniehn.com\/radio\/wp-json\/wp\/v2\/posts\/49297\/revisions"}],"wp:featuredmedia":[{"embeddable":true,"href":"http:\/\/mickyandoniehn.com\/radio\/wp-json\/wp\/v2\/media\/49298"}],"wp:attachment":[{"href":"http:\/\/mickyandoniehn.com\/radio\/wp-json\/wp\/v2\/media?parent=49297"}],"wp:term":[{"taxonomy":"category","embeddable":true,"href":"http:\/\/mickyandoniehn.com\/radio\/wp-json\/wp\/v2\/categories?post=49297"},{"taxonomy":"post_tag","embeddable":true,"href":"http:\/\/mickyandoniehn.com\/radio\/wp-json\/wp\/v2\/tags?post=49297"}],"curies":[{"name":"wp","href":"https:\/\/api.w.org\/{rel}","templated":true}]}}