{"id":49257,"date":"2023-02-03T10:12:39","date_gmt":"2023-02-03T16:12:39","guid":{"rendered":"https:\/\/mickyandoniehn.com\/radio\/2023\/02\/03\/devocion-y-fe-en-alborada-en-honor-a-la-virgen-de-suyapa\/"},"modified":"2023-02-03T10:12:39","modified_gmt":"2023-02-03T16:12:39","slug":"devocion-y-fe-en-alborada-en-honor-a-la-virgen-de-suyapa","status":"publish","type":"post","link":"http:\/\/mickyandoniehn.com\/radio\/2023\/02\/03\/devocion-y-fe-en-alborada-en-honor-a-la-virgen-de-suyapa\/","title":{"rendered":"Devoci\u00f3n y fe en alborada en honor a la Virgen de Suyapa"},"content":{"rendered":"<p><strong>Tegucigalpa,Honduras viernes 03 febrero 2023<\/strong><\/p>\n<\/p>\n<p>Miles de peregrinos provenientes de todo el pa\u00eds abarrotaron la Bas\u00edlica Menor de Suyapa, previo al cumplea\u00f1os de la \u201cSanta Patrona de Honduras\u201d, con el fin de celebrar el 276 hallazgo de la \u201cMorenita\u201d.<\/p>\n<p>En largas filas, miles de feligreses llegan con gran devoci\u00f3n a observar, aunque sea por un momento a la virgen hondure\u00f1a, a quien se le rinde tributo en el catolicismo hondure\u00f1o.<\/p>\n<p>La tradicional alborada, preparada con todo fervor, se realiz\u00f3 desde las 9:30 de la noche, hasta la madrugada de este viernes, con m\u00fasica, ofrendas y promesas cumplidas, por parte de los fieles, quienes aseguran recibir muchos milagros por parte de la patrona de Honduras.<\/p>\n<p>El padre Carlo Magno N\u00fa\u00f1ez expres\u00f3 que, \u201cse est\u00e1n regalando mascarillas para que la gente las pueda usar, es una fiesta de fe y alegr\u00eda. La gente viene con gran emoci\u00f3n a ver a la sant\u00edsima Virgen de Suyapa\u201d.<\/p>\n<p>\u201cTenemos eventos art\u00edsticos como la banda de las Fuerzas Armadas, el videomapping, toda la gente que viene a las eucarist\u00edas, que recorren largas distancias y esperan su turno para pasar frente a la imagen sagrada\u201d.<\/p>\n<p>El padre, agreg\u00f3 que, \u201ctodo el pueblo hondure\u00f1o est\u00e1 de fiesta, ya que la Virgen de Suyapa es madre de todos los hondure\u00f1os y como madre acoge a todos sus hijos, en este recinto, porque es la casa de la madre, es una bas\u00edlica de puertas abiertas, para todos los que vienen a visitar a la \u201cMorenita de Suyapa\u201d.<\/p>\n<div class=\"lg:w-[748px] lg:mx-auto\"><\/div>\n<p>\u201cEl papa Francisco nos pide que nuestra fe tiene que ser una fe en salida, no una fe oculta en la casa, no una fe oculta en una iglesia y eso nos lo muestran y nos lo ense\u00f1an como maestros los peregrinos que tienen una fe en la sant\u00edsima Virgen Mar\u00eda, porque tienen una fe devota y una madre que est\u00e1 con ellos\u201d, dijo el l\u00edder cat\u00f3lico.<\/p>\n<p>Seg\u00fan datos de las autoridades de la Comisi\u00f3n Nacional de Prevenci\u00f3n en Movilizaciones Masivas (CONAPREMM), durante las celebraciones a la Virgen de Suyapa, participan m\u00e1s de mill\u00f3n y medio de personas.<\/p>\n<p>Muchos feligreses que llegaron en caravanas, se encuentran acampando en los alrededores de la iglesia, donde rinden tributo a la Santa Patrona de Honduras.<\/p>\n<p>Entre las actividades realizadas destacan, una procesi\u00f3n de la Virgen de Suyapa con luces, de la pastoral juvenil, parroquia de Suyapa, actividades art\u00edsticas y de homenaje en la alborada y juegos pirot\u00e9cnicos y repique de campanas.<\/p>\n<p><em><strong>DATOS<\/strong> <\/em><br \/>\nLa Unidad de Telemedicina del Sistema Nacional de Emergencias 911, brinda consulta de medicina general, toma de signos vitales y est\u00e1 lista para atender cualquier emergencia que se presente con los miles de hermanos peregrinos que visitan la bas\u00edlica de nuestra se\u00f1ora patrona, la Virgen Mar\u00eda de Suyapa, en el marco de la celebraci\u00f3n de su 276 aniversario de hallazgo.<\/p>\n<p><strong>Fuente: Diario Roat\u00e1n<\/strong><\/p>\n","protected":false},"excerpt":{"rendered":"<p>Tegucigalpa,Honduras viernes 03 febrero 2023 Miles de peregrinos provenientes de todo el pa\u00eds abarrotaron la Bas\u00edlica Menor de Suyapa, previo al cumplea\u00f1os de la \u201cSanta Patrona de Honduras\u201d, con el fin de celebrar el 276 hallazgo de la \u201cMorenita\u201d. En largas filas, miles de feligreses llegan con gran devoci\u00f3n a observar, aunque sea por un &hellip;<\/p>\n","protected":false},"author":0,"featured_media":49258,"comment_status":"open","ping_status":"open","sticky":false,"template":"","format":"standard","meta":{"_jetpack_memberships_contains_paid_content":false,"footnotes":""},"categories":[5],"tags":[],"class_list":["post-49257","post","type-post","status-publish","format-standard","has-post-thumbnail","","category-noticias"],"jetpack_sharing_enabled":true,"jetpack_featured_media_url":"http:\/\/mickyandoniehn.com\/radio\/wp-content\/uploads\/2023\/02\/PRIMERA-VIDEO-MAPING-1-CUWYOu.jpeg","_links":{"self":[{"href":"http:\/\/mickyandoniehn.com\/radio\/wp-json\/wp\/v2\/posts\/49257","targetHints":{"allow":["GET"]}}],"collection":[{"href":"http:\/\/mickyandoniehn.com\/radio\/wp-json\/wp\/v2\/posts"}],"about":[{"href":"http:\/\/mickyandoniehn.com\/radio\/wp-json\/wp\/v2\/types\/post"}],"replies":[{"embeddable":true,"href":"http:\/\/mickyandoniehn.com\/radio\/wp-json\/wp\/v2\/comments?post=49257"}],"version-history":[{"count":0,"href":"http:\/\/mickyandoniehn.com\/radio\/wp-json\/wp\/v2\/posts\/49257\/revisions"}],"wp:featuredmedia":[{"embeddable":true,"href":"http:\/\/mickyandoniehn.com\/radio\/wp-json\/wp\/v2\/media\/49258"}],"wp:attachment":[{"href":"http:\/\/mickyandoniehn.com\/radio\/wp-json\/wp\/v2\/media?parent=49257"}],"wp:term":[{"taxonomy":"category","embeddable":true,"href":"http:\/\/mickyandoniehn.com\/radio\/wp-json\/wp\/v2\/categories?post=49257"},{"taxonomy":"post_tag","embeddable":true,"href":"http:\/\/mickyandoniehn.com\/radio\/wp-json\/wp\/v2\/tags?post=49257"}],"curies":[{"name":"wp","href":"https:\/\/api.w.org\/{rel}","templated":true}]}}