{"id":49024,"date":"2023-02-03T07:12:43","date_gmt":"2023-02-03T13:12:43","guid":{"rendered":"https:\/\/mickyandoniehn.com\/radio\/2023\/02\/03\/03-de-febrero-dia-internacional-del-abogado\/"},"modified":"2023-02-03T07:12:43","modified_gmt":"2023-02-03T13:12:43","slug":"03-de-febrero-dia-internacional-del-abogado","status":"publish","type":"post","link":"http:\/\/mickyandoniehn.com\/radio\/2023\/02\/03\/03-de-febrero-dia-internacional-del-abogado\/","title":{"rendered":"03 de Febrero D\u00eda internacional del Abogado"},"content":{"rendered":"<h1><\/h1>\n<p><strong>El 3 de febrero se celebra el D\u00eda Internacional del Abogado<\/strong>, con el objetivo de reconocer la labor de los hombres y mujeres de leyes que trabajan para conseguir un mundo m\u00e1s justo.<\/p>\n<p>Se pretende destacar la notable importancia de los abogados, en la defensa jur\u00eddica a personas, tramitaci\u00f3n de procesos judiciales, administrativos y mediaci\u00f3n de negociaciones y conflictos laborales, entre otras competencias.<\/p>\n<h2>Ser abogado: una profesi\u00f3n de ley<\/h2>\n<p><strong>Un abogado es un profesional universitario graduado en Derecho<\/strong>, el cual debe estar colegiado para poder ejercer su profesi\u00f3n, que conlleva varias funciones y competencias, tales como asesorar, defender procesos judiciales y gestionar temas en diversas materias relacionadas con el derecho.<\/p>\n<p>En tal sentido, se especializan en las diversas ramas del derecho p\u00fablico y privado, acorde con la legislaci\u00f3n de cada pa\u00eds:<\/p>\n<p>Derecho Administrativo:\u00a0regula el funcionamiento del Estado como poder administrador entre los distintos \u00f3rganos administrativos.<br \/>\nDerecho Constitucional:\u00a0referido al an\u00e1lisis de las leyes fundamentales que definen un Estado.<br \/>\nDerecho Penal:<strong>\u00a0<\/strong>comprende las normas penales que regulan las conductas punibles de las personas<br \/>\nDerecho Procesal:<strong>\u00a0<\/strong>regula la organizaci\u00f3n y atribuciones de los tribunales de justicia, as\u00ed como la actuaci\u00f3n de las personas que intervienen en los procesos judiciales.<br \/>\nDerecho Laboral:<strong>\u00a0<\/strong>referido a las relaciones entre los patrones y sus empleados, sus derechos y deberes, as\u00ed como la protecci\u00f3n de los trabajadores.<br \/>\nDerecho Tributario:\u00a0orientado a regular la relaci\u00f3n jur\u00eddico-tributaria entre la administraci\u00f3n y los contribuyentes.<br \/>\nDerecho Civil:<strong>\u00a0<\/strong>regula las relaciones entre personas naturales o jur\u00eddicas. Comprende las relaciones patrimoniales, de familia, derecho sucesoral, entre otros.<br \/>\nDerecho Mercantil o Comercial<strong>:\u00a0<\/strong>regula los actos comerciales, mercantiles, financieros entre personas naturales o jur\u00eddicas.<\/p>\n<p>El D\u00eda Internacional del Abogado se celebra en varios pa\u00edses del mundo, mediante la realizaci\u00f3n de diversos eventos y actividades: conferencias, charlas, lecciones magistrales y jornadas legales comunitarias. Con ello los profesionales del derecho reafirman su compromiso de hacer justicia, con \u00e9tica y eficiencia.<\/p><\/p>\n","protected":false},"excerpt":{"rendered":"<p>El 3 de febrero se celebra el D\u00eda Internacional del Abogado, con el objetivo de reconocer la labor de los hombres y mujeres de leyes que trabajan para conseguir un mundo m\u00e1s justo. Se pretende destacar la notable importancia de los abogados, en la defensa jur\u00eddica a personas, tramitaci\u00f3n de procesos judiciales, administrativos y mediaci\u00f3n &hellip;<\/p>\n","protected":false},"author":0,"featured_media":49025,"comment_status":"open","ping_status":"open","sticky":false,"template":"","format":"standard","meta":{"_jetpack_memberships_contains_paid_content":false,"footnotes":""},"categories":[5],"tags":[],"class_list":["post-49024","post","type-post","status-publish","format-standard","has-post-thumbnail","","category-noticias"],"jetpack_sharing_enabled":true,"jetpack_featured_media_url":"http:\/\/mickyandoniehn.com\/radio\/wp-content\/uploads\/2023\/02\/R-1-JOpU56.jpeg","_links":{"self":[{"href":"http:\/\/mickyandoniehn.com\/radio\/wp-json\/wp\/v2\/posts\/49024","targetHints":{"allow":["GET"]}}],"collection":[{"href":"http:\/\/mickyandoniehn.com\/radio\/wp-json\/wp\/v2\/posts"}],"about":[{"href":"http:\/\/mickyandoniehn.com\/radio\/wp-json\/wp\/v2\/types\/post"}],"replies":[{"embeddable":true,"href":"http:\/\/mickyandoniehn.com\/radio\/wp-json\/wp\/v2\/comments?post=49024"}],"version-history":[{"count":0,"href":"http:\/\/mickyandoniehn.com\/radio\/wp-json\/wp\/v2\/posts\/49024\/revisions"}],"wp:featuredmedia":[{"embeddable":true,"href":"http:\/\/mickyandoniehn.com\/radio\/wp-json\/wp\/v2\/media\/49025"}],"wp:attachment":[{"href":"http:\/\/mickyandoniehn.com\/radio\/wp-json\/wp\/v2\/media?parent=49024"}],"wp:term":[{"taxonomy":"category","embeddable":true,"href":"http:\/\/mickyandoniehn.com\/radio\/wp-json\/wp\/v2\/categories?post=49024"},{"taxonomy":"post_tag","embeddable":true,"href":"http:\/\/mickyandoniehn.com\/radio\/wp-json\/wp\/v2\/tags?post=49024"}],"curies":[{"name":"wp","href":"https:\/\/api.w.org\/{rel}","templated":true}]}}