{"id":49020,"date":"2023-02-03T07:12:40","date_gmt":"2023-02-03T13:12:40","guid":{"rendered":"https:\/\/mickyandoniehn.com\/radio\/2023\/02\/03\/crecimiento-economico-rondaria-3-5-este-ano\/"},"modified":"2023-02-03T07:12:40","modified_gmt":"2023-02-03T13:12:40","slug":"crecimiento-economico-rondaria-3-5-este-ano","status":"publish","type":"post","link":"http:\/\/mickyandoniehn.com\/radio\/2023\/02\/03\/crecimiento-economico-rondaria-3-5-este-ano\/","title":{"rendered":"Crecimiento econ\u00f3mico rondar\u00eda 3.5% este a\u00f1o"},"content":{"rendered":"<p><strong>Tegucigalpa,Honduras viernes 03 febrero 2023<\/strong><\/p>\n<\/p>\n<p>El crecimiento econ\u00f3mico de Honduras en este 2023 alcanzar\u00eda un 3.5 por ciento, menor a lo observado en el 2022, seg\u00fan proyecciones de la Secretar\u00eda de Desarrollo Econ\u00f3mico (SDE).<\/p>\n<p>El titular de esta cartera de gobierno, Pedro Barquero, reconoci\u00f3 que no hay forma de contener una recesi\u00f3n mundial, pero s\u00ed de mitigar los efectos negativos en el pa\u00eds.<\/p>\n<p>\u201cSe tendr\u00e1n efectos negativos porque la econom\u00eda hondure\u00f1a est\u00e1 \u00edntimamente relacionada con la econom\u00eda del mundo y, en ese sentido, una vez que se entra en una ca\u00edda del crecimiento mundial todos los pa\u00edses se ven arrastrados por tal situaci\u00f3n\u201d estim\u00f3.<\/p>\n<p>\u201cNosotros seguimos haciendo nuestra tarea de las medidas de incentivos para la producci\u00f3n nacional para contrarrestar esos efectos negativos externos en alguna medida\u201d, agreg\u00f3 el funcionario.<\/p>\n<p>Consultado si las remesas familiares se ver\u00edan afectadas, Barquero respondi\u00f3 que este flujo seguir\u00eda en aumento, aunque con desaceleraci\u00f3n en el ritmo de crecimiento.<\/p>\n<p>\u201cEl mundo en general va a crecer menos y seg\u00fan proyecciones Honduras crecer\u00e1 un poco menos que el a\u00f1o pasado cuando crecimos alrededor de 4 por ciento, pero hay que esperar las proyecciones oficiales del Banco Central de Honduras (BCH)\u201d, refiri\u00f3.<\/p>\n<p>La tendencia de crecimiento econ\u00f3mico es insuficiente a criterio de Pedro Barquero para luego se\u00f1alar que el repunte adecuado debe oscilar entre un 7 y 8% de manera sostenida por varios a\u00f1os para incidir fuertemente en la reducci\u00f3n de la pobreza.<\/p>\n<p>Pedro Barquero resalt\u00f3 que seguir\u00e1n impulsando programas sociales a trav\u00e9s de los diferentes proyectos del gobierno de la Rep\u00fablica que est\u00e1n atacando directamente la pobreza extrema en m\u00e1s de mil comunidades del pa\u00eds.<\/p>\n<p><strong>Fuente:La Tribuna<\/strong><\/p>\n","protected":false},"excerpt":{"rendered":"<p>Tegucigalpa,Honduras viernes 03 febrero 2023 El crecimiento econ\u00f3mico de Honduras en este 2023 alcanzar\u00eda un 3.5 por ciento, menor a lo observado en el 2022, seg\u00fan proyecciones de la Secretar\u00eda de Desarrollo Econ\u00f3mico (SDE). El titular de esta cartera de gobierno, Pedro Barquero, reconoci\u00f3 que no hay forma de contener una recesi\u00f3n mundial, pero s\u00ed &hellip;<\/p>\n","protected":false},"author":0,"featured_media":49021,"comment_status":"open","ping_status":"open","sticky":false,"template":"","format":"standard","meta":{"_jetpack_memberships_contains_paid_content":false,"footnotes":""},"categories":[5],"tags":[],"class_list":["post-49020","post","type-post","status-publish","format-standard","has-post-thumbnail","","category-noticias"],"jetpack_sharing_enabled":true,"jetpack_featured_media_url":"http:\/\/mickyandoniehn.com\/radio\/wp-content\/uploads\/2023\/02\/HONDURAS-CRECE-HXC56V.jpeg","_links":{"self":[{"href":"http:\/\/mickyandoniehn.com\/radio\/wp-json\/wp\/v2\/posts\/49020","targetHints":{"allow":["GET"]}}],"collection":[{"href":"http:\/\/mickyandoniehn.com\/radio\/wp-json\/wp\/v2\/posts"}],"about":[{"href":"http:\/\/mickyandoniehn.com\/radio\/wp-json\/wp\/v2\/types\/post"}],"replies":[{"embeddable":true,"href":"http:\/\/mickyandoniehn.com\/radio\/wp-json\/wp\/v2\/comments?post=49020"}],"version-history":[{"count":0,"href":"http:\/\/mickyandoniehn.com\/radio\/wp-json\/wp\/v2\/posts\/49020\/revisions"}],"wp:featuredmedia":[{"embeddable":true,"href":"http:\/\/mickyandoniehn.com\/radio\/wp-json\/wp\/v2\/media\/49021"}],"wp:attachment":[{"href":"http:\/\/mickyandoniehn.com\/radio\/wp-json\/wp\/v2\/media?parent=49020"}],"wp:term":[{"taxonomy":"category","embeddable":true,"href":"http:\/\/mickyandoniehn.com\/radio\/wp-json\/wp\/v2\/categories?post=49020"},{"taxonomy":"post_tag","embeddable":true,"href":"http:\/\/mickyandoniehn.com\/radio\/wp-json\/wp\/v2\/tags?post=49020"}],"curies":[{"name":"wp","href":"https:\/\/api.w.org\/{rel}","templated":true}]}}