{"id":48631,"date":"2023-02-02T07:12:45","date_gmt":"2023-02-02T13:12:45","guid":{"rendered":"http:\/\/mickyandoniehn.com\/radio\/2023\/02\/02\/2-de-febrero-dia-de-la-marmota\/"},"modified":"2023-02-02T07:12:45","modified_gmt":"2023-02-02T13:12:45","slug":"2-de-febrero-dia-de-la-marmota","status":"publish","type":"post","link":"http:\/\/mickyandoniehn.com\/radio\/2023\/02\/02\/2-de-febrero-dia-de-la-marmota\/","title":{"rendered":"2 de febrero D\u00eda de la Marmota"},"content":{"rendered":"<h1><\/h1>\n<p>\u00a0El 2 de febrero se celebra el\u00a0<strong>D\u00eda de la Marmota,<\/strong>\u00a0una celebraci\u00f3n popular que se origin\u00f3 en Europa y que posteriormente se trasladar\u00eda a Estados Unidos y Canad\u00e1, lugares donde todav\u00eda se celebra.<\/p>\n<h2>D\u00eda de la Marmota en 2022<\/h2>\n<p>En 2022, la marmota Phil, la m\u00e1s famosa de todas las marmotas que predicen el tiempo, ha pronosticado seis semanas m\u00e1s de invierno. Ha salido de su madriguera sobre las siete y media de la ma\u00f1ana (hora local de Pensilvania) y ha visto su sombra, lo cual quiere decir que el invierno ser\u00e1 m\u00e1s largo.<\/p>\n<p>Este hecho coincide con la triste muerte de la marmota de Nueva Jersey\u00a0<em>Milltown Mel<\/em>\u00a0justo la noche antes de tener que salir para predecir el tiempo.<\/p>\n<h2>\u00bfPor qu\u00e9 se celebra el D\u00eda de la Marmota?<\/h2>\n<p>Seg\u00fan cuenta la historia, durante el\u00a0<strong>D\u00eda de la Candelaria<\/strong>, los cristianos llevaban velas a la iglesia para bendecirlas y proteger sus hogares durante el invierno.<\/p>\n<p>Con el paso de los a\u00f1os este d\u00eda religioso se asoci\u00f3 con el pron\u00f3stico del tiempo. Posteriormente, en Alemania se introdujo un erizo a la mencionada tradici\u00f3n, quien por medio de su sombra dir\u00eda cuanto invierno o mal tiempo tendr\u00edan.<\/p>\n<p>Los colonos alemanes llevar\u00edan consigo estas tradiciones a Estados Unidos y Canad\u00e1, pero al no contar con erizos, elegir\u00edan un animal de hibernaci\u00f3n parecido,\u00a0<strong>la marmota<\/strong>. As\u00ed se dar\u00eda rienda suelta a la festividad, celebr\u00e1ndose cada 2 de febrero el\u00a0<strong>D\u00eda de la Marmota<\/strong>.<\/p>\n<p>En todo caso en cada celebraci\u00f3n hay bandas musicales, pancartas, comida y gran diversi\u00f3n. Todo mientras se espera con ansia cu\u00e1l ser\u00e1 la predicci\u00f3n del a\u00f1o.<\/p>\n<h2>D\u00eda de la Marmota en Punxsutawney (Pensilvania)<\/h2>\n<p>Aunque cada Estado que celebra este d\u00eda tiene su propia marmota, uno de los lugares que cuenta con gran participaci\u00f3n es\u00a0<strong>Punxsutawney (Pensilvania)<\/strong>, que mantiene esta tradici\u00f3n desde 1887 y donde habita la marmota que consideran oficial,\u00a0<strong>Punxsutawney Phil<\/strong>.<\/p>\n<p>Muchas personas viajan de distintas regiones para ser part\u00edcipes de las actividades y eventos del\u00a0<strong>D\u00eda de la Marmota<\/strong>\u00a0que son organizados por el\u00a0<em>Punxsutawney Groundhog Club<\/em>. Ese d\u00eda es com\u00fan ver a las personas vestidas de esmoquin y sombrero de copa, disfrutando de la ceremonia con m\u00fasica y comida.<\/p>\n<p>Reporteros, visitantes y miembros del club se re\u00fanen cada 2 de febrero para esperar que aparezca Phil y haga la predicci\u00f3n del clima.<\/p>\n<p>Se comenta que la marmota lleva este nombre en honor al rey Felipe, duque de Edimburgo y sea cierto o no, cada 2 de febrero sale del hogar donde la tienen en Gobbler\u00b4s Knob, ubicado en una zona rural cercana a la ciudad, para avisar por medio de su sombra c\u00f3mo ser\u00e1 el clima.<\/p>\n<p>Si Phil al ver la sombra regresa al agujero son seis semanas m\u00e1s de invierno. Si por el contrario no la ve, vendr\u00e1 la primavera.<\/p>\n<p>Phil se hizo famoso gracias a una producci\u00f3n cinematogr\u00e1fica rodada en 1993 con el nombre\u00a0<strong>Groundhog Day (D\u00eda de la Marmota)<\/strong>, que llevar\u00eda a la marmota a aparecer en el programa de Oprah en 1995. Tambi\u00e9n fue incorporada como personaje en una serie de MTV.<\/p><\/p>\n","protected":false},"excerpt":{"rendered":"<p>\u00a0El 2 de febrero se celebra el\u00a0D\u00eda de la Marmota,\u00a0una celebraci\u00f3n popular que se origin\u00f3 en Europa y que posteriormente se trasladar\u00eda a Estados Unidos y Canad\u00e1, lugares donde todav\u00eda se celebra. D\u00eda de la Marmota en 2022 En 2022, la marmota Phil, la m\u00e1s famosa de todas las marmotas que predicen el tiempo, ha &hellip;<\/p>\n","protected":false},"author":0,"featured_media":48632,"comment_status":"open","ping_status":"open","sticky":false,"template":"","format":"standard","meta":{"_jetpack_memberships_contains_paid_content":false,"footnotes":""},"categories":[5],"tags":[],"class_list":["post-48631","post","type-post","status-publish","format-standard","has-post-thumbnail","","category-noticias"],"jetpack_sharing_enabled":true,"jetpack_featured_media_url":"http:\/\/mickyandoniehn.com\/radio\/wp-content\/uploads\/2023\/02\/Marmota_monax_3350-KkoyBs.jpeg","_links":{"self":[{"href":"http:\/\/mickyandoniehn.com\/radio\/wp-json\/wp\/v2\/posts\/48631","targetHints":{"allow":["GET"]}}],"collection":[{"href":"http:\/\/mickyandoniehn.com\/radio\/wp-json\/wp\/v2\/posts"}],"about":[{"href":"http:\/\/mickyandoniehn.com\/radio\/wp-json\/wp\/v2\/types\/post"}],"replies":[{"embeddable":true,"href":"http:\/\/mickyandoniehn.com\/radio\/wp-json\/wp\/v2\/comments?post=48631"}],"version-history":[{"count":0,"href":"http:\/\/mickyandoniehn.com\/radio\/wp-json\/wp\/v2\/posts\/48631\/revisions"}],"wp:featuredmedia":[{"embeddable":true,"href":"http:\/\/mickyandoniehn.com\/radio\/wp-json\/wp\/v2\/media\/48632"}],"wp:attachment":[{"href":"http:\/\/mickyandoniehn.com\/radio\/wp-json\/wp\/v2\/media?parent=48631"}],"wp:term":[{"taxonomy":"category","embeddable":true,"href":"http:\/\/mickyandoniehn.com\/radio\/wp-json\/wp\/v2\/categories?post=48631"},{"taxonomy":"post_tag","embeddable":true,"href":"http:\/\/mickyandoniehn.com\/radio\/wp-json\/wp\/v2\/tags?post=48631"}],"curies":[{"name":"wp","href":"https:\/\/api.w.org\/{rel}","templated":true}]}}