{"id":48492,"date":"2023-01-31T09:12:44","date_gmt":"2023-01-31T15:12:44","guid":{"rendered":"http:\/\/mickyandoniehn.com\/radio\/2023\/01\/31\/sesal-recibira-299-mil-dosis-de-la-vacuna-bivalente-en-febrero\/"},"modified":"2023-01-31T09:12:44","modified_gmt":"2023-01-31T15:12:44","slug":"sesal-recibira-299-mil-dosis-de-la-vacuna-bivalente-en-febrero","status":"publish","type":"post","link":"http:\/\/mickyandoniehn.com\/radio\/2023\/01\/31\/sesal-recibira-299-mil-dosis-de-la-vacuna-bivalente-en-febrero\/","title":{"rendered":"Sesal recibir\u00e1 299 mil dosis de la vacuna bivalente en febrero"},"content":{"rendered":"<p><strong>Tegucigalpa,Honduras martes 31 enero 2023<\/strong><\/p>\n<\/p>\n<p>La jefe del Programa Ampliado de Inmunizaciones (PAI), Xiomara Erazo, detall\u00f3 que en el mes de febrero la Secretar\u00eda de Salud (Sesal), recibir\u00e1 las primeras 299 mil 520 dosis de la vacuna bivalente contra el COVID-19.<br \/>\n\u201cLas negociaciones van avanzando aceleradamente, estamos pr\u00f3ximos a recibir durante el mes de febrero las primeras 299 mil 520 dosis de vacuna bivalente. Y analizamos con el consejo consultivo de inmunizaciones qui\u00e9nes ser\u00edan los grupos prioritarios\u201d, indic\u00f3 Erazo.<\/p>\n<p>Al tiempo que detall\u00f3 que esta vacuna en otros pa\u00edses se esta aplicando a personas mayores de 12 a\u00f1os que ya han completado su esquema de vacuna primario, que incluye dos dosis y dos refuerzos.<br \/>\nTambi\u00e9n se considerar\u00eda pacientes mayores de 60 a\u00f1os, personas con enfermedades de base y quienes est\u00e1n inmunocomprometidos.<\/p>\n<p>\u201cLa persona se debe haber aplicado la segunda dosis al menos dos meses antes de la vacuna bivalente, ella esta formulada con un componente de la cepa original del virus silvestre y un componente de las variantes \u00f3micron recientes como la BA.4 y BA.5\u201d, explic\u00f3.<\/p>\n<p>La Sesal espera que en el mes de febrero esta vacuna pueda estar en el territorio nacional para su aplicaci\u00f3n, pero la poblaci\u00f3n debe culminar su esquema de vacunaci\u00f3n o iniciarlo quienes a\u00fan no tiene ninguna dosis de las vacunas.<\/p>\n<p>\u201cEs importante que la poblaci\u00f3n se vacune, la vacunaci\u00f3n es segura, el consejo consultivo est\u00e1 en constante investigaci\u00f3n cient\u00edfica en relaci\u00f3n al tema de las vacunas\u201d.<\/p>\n<p>\u201cY las vacunas conforme se va actualizando la informaci\u00f3n, van teniendo menos efectos secundarios, menos riesgos\u201d, recalc\u00f3 Erazo.<\/p>\n<p>Actualmente un 83 por ciento de los hondure\u00f1os se han aplicado la primera dosis de la vacuna contra el COVID-19, solo el 74 por ciento la segunda dosis, mientras que el 55 por cien tiene su primer refuerzo y solo el 30 por ciento se ha aplicado su segundos refuerzo o cuarta dosis.<\/p>\n<p>La Sesal mantiene la vacunaci\u00f3n contra el COVID-19 en todos los centros de salud a nivel nacional, al igual que en El Hospital Escuela, Hospital General San Felipe y algunos centros comerciales donde se atiende hasta los domingos.<\/p>\n<p><strong>Fuente: La Tribuna<\/strong><\/p>\n","protected":false},"excerpt":{"rendered":"<p>Tegucigalpa,Honduras martes 31 enero 2023 La jefe del Programa Ampliado de Inmunizaciones (PAI), Xiomara Erazo, detall\u00f3 que en el mes de febrero la Secretar\u00eda de Salud (Sesal), recibir\u00e1 las primeras 299 mil 520 dosis de la vacuna bivalente contra el COVID-19. \u201cLas negociaciones van avanzando aceleradamente, estamos pr\u00f3ximos a recibir durante el mes de febrero &hellip;<\/p>\n","protected":false},"author":0,"featured_media":48493,"comment_status":"open","ping_status":"open","sticky":false,"template":"","format":"standard","meta":{"_jetpack_memberships_contains_paid_content":false,"footnotes":""},"categories":[5],"tags":[],"class_list":["post-48492","post","type-post","status-publish","format-standard","has-post-thumbnail","","category-noticias"],"jetpack_sharing_enabled":true,"jetpack_featured_media_url":"http:\/\/mickyandoniehn.com\/radio\/wp-content\/uploads\/2023\/01\/PAI-1-0yNOLa.jpeg","_links":{"self":[{"href":"http:\/\/mickyandoniehn.com\/radio\/wp-json\/wp\/v2\/posts\/48492","targetHints":{"allow":["GET"]}}],"collection":[{"href":"http:\/\/mickyandoniehn.com\/radio\/wp-json\/wp\/v2\/posts"}],"about":[{"href":"http:\/\/mickyandoniehn.com\/radio\/wp-json\/wp\/v2\/types\/post"}],"replies":[{"embeddable":true,"href":"http:\/\/mickyandoniehn.com\/radio\/wp-json\/wp\/v2\/comments?post=48492"}],"version-history":[{"count":0,"href":"http:\/\/mickyandoniehn.com\/radio\/wp-json\/wp\/v2\/posts\/48492\/revisions"}],"wp:featuredmedia":[{"embeddable":true,"href":"http:\/\/mickyandoniehn.com\/radio\/wp-json\/wp\/v2\/media\/48493"}],"wp:attachment":[{"href":"http:\/\/mickyandoniehn.com\/radio\/wp-json\/wp\/v2\/media?parent=48492"}],"wp:term":[{"taxonomy":"category","embeddable":true,"href":"http:\/\/mickyandoniehn.com\/radio\/wp-json\/wp\/v2\/categories?post=48492"},{"taxonomy":"post_tag","embeddable":true,"href":"http:\/\/mickyandoniehn.com\/radio\/wp-json\/wp\/v2\/tags?post=48492"}],"curies":[{"name":"wp","href":"https:\/\/api.w.org\/{rel}","templated":true}]}}