{"id":47580,"date":"2023-01-24T09:12:40","date_gmt":"2023-01-24T15:12:40","guid":{"rendered":"https:\/\/mickyandoniehn.com\/radio\/2023\/01\/24\/fallece-el-expresidente-guatemalteco-alvaro-colom\/"},"modified":"2023-01-24T09:12:40","modified_gmt":"2023-01-24T15:12:40","slug":"fallece-el-expresidente-guatemalteco-alvaro-colom","status":"publish","type":"post","link":"http:\/\/mickyandoniehn.com\/radio\/2023\/01\/24\/fallece-el-expresidente-guatemalteco-alvaro-colom\/","title":{"rendered":"Fallece el expresidente guatemalteco \u00c1lvaro Colom"},"content":{"rendered":"<p><strong>Tegucigalpa,Honduras martes 24 enero 2023<\/strong><\/p>\n<\/p>\n<p>El expresidente guatemalteco \u00c1lvaro Colom Caballeros (2008-2012) falleci\u00f3 este lunes a los 71 a\u00f1os, debido a complicaciones de salud.<\/p>\n<p>La muerte de Colom Caballeros fue confirmada por su exministro de Gobernaci\u00f3n (Interior), Carlos Menocal, quien difundi\u00f3 la noticia en sus redes sociales.<\/p>\n<p>Hasta el momento se desconoce la causa de su muerte, sin embargo en diciembre de 2020 un abogado del expresidente confirm\u00f3 a periodistas que este sufr\u00eda de un c\u00e1ncer.<\/p>\n<p>Colom Caballeros gan\u00f3 la presidencia de Guatemala en las elecciones generales de 2007 con el partido de la Uni\u00f3n Nacional de la Esperanza (UNE) y gobern\u00f3 entre del 14 de enero de 2008 al 14 de enero de 2012.<\/p>\n<p>Al dejar la Presidencia, Colom fue acusado en varios casos de corrupci\u00f3n y termin\u00f3 preso.<\/p>\n<p>Hasta la fecha, se encontraba en prisi\u00f3n domiciliar por un supuesto caso de fraude cometido durante su administraci\u00f3n.<\/p>\n<p><strong>Fuente: La Tribuna<\/strong><\/p>\n","protected":false},"excerpt":{"rendered":"<p>Tegucigalpa,Honduras martes 24 enero 2023 El expresidente guatemalteco \u00c1lvaro Colom Caballeros (2008-2012) falleci\u00f3 este lunes a los 71 a\u00f1os, debido a complicaciones de salud. La muerte de Colom Caballeros fue confirmada por su exministro de Gobernaci\u00f3n (Interior), Carlos Menocal, quien difundi\u00f3 la noticia en sus redes sociales. Hasta el momento se desconoce la causa de &hellip;<\/p>\n","protected":false},"author":0,"featured_media":47581,"comment_status":"open","ping_status":"open","sticky":false,"template":"","format":"standard","meta":{"_jetpack_memberships_contains_paid_content":false,"footnotes":""},"categories":[5],"tags":[],"class_list":["post-47580","post","type-post","status-publish","format-standard","has-post-thumbnail","","category-noticias"],"jetpack_sharing_enabled":true,"jetpack_featured_media_url":"http:\/\/mickyandoniehn.com\/radio\/wp-content\/uploads\/2023\/01\/Alvaro-colom-mgLEGD.jpeg","_links":{"self":[{"href":"http:\/\/mickyandoniehn.com\/radio\/wp-json\/wp\/v2\/posts\/47580","targetHints":{"allow":["GET"]}}],"collection":[{"href":"http:\/\/mickyandoniehn.com\/radio\/wp-json\/wp\/v2\/posts"}],"about":[{"href":"http:\/\/mickyandoniehn.com\/radio\/wp-json\/wp\/v2\/types\/post"}],"replies":[{"embeddable":true,"href":"http:\/\/mickyandoniehn.com\/radio\/wp-json\/wp\/v2\/comments?post=47580"}],"version-history":[{"count":0,"href":"http:\/\/mickyandoniehn.com\/radio\/wp-json\/wp\/v2\/posts\/47580\/revisions"}],"wp:featuredmedia":[{"embeddable":true,"href":"http:\/\/mickyandoniehn.com\/radio\/wp-json\/wp\/v2\/media\/47581"}],"wp:attachment":[{"href":"http:\/\/mickyandoniehn.com\/radio\/wp-json\/wp\/v2\/media?parent=47580"}],"wp:term":[{"taxonomy":"category","embeddable":true,"href":"http:\/\/mickyandoniehn.com\/radio\/wp-json\/wp\/v2\/categories?post=47580"},{"taxonomy":"post_tag","embeddable":true,"href":"http:\/\/mickyandoniehn.com\/radio\/wp-json\/wp\/v2\/tags?post=47580"}],"curies":[{"name":"wp","href":"https:\/\/api.w.org\/{rel}","templated":true}]}}