{"id":46750,"date":"2023-01-19T07:13:45","date_gmt":"2023-01-19T13:13:45","guid":{"rendered":"https:\/\/mickyandoniehn.com\/radio\/2023\/01\/19\/espanola-de-115-anos-posible-nueva-decana-de-la-humanidad\/"},"modified":"2023-01-19T07:13:45","modified_gmt":"2023-01-19T13:13:45","slug":"espanola-de-115-anos-posible-nueva-decana-de-la-humanidad","status":"publish","type":"post","link":"http:\/\/mickyandoniehn.com\/radio\/2023\/01\/19\/espanola-de-115-anos-posible-nueva-decana-de-la-humanidad\/","title":{"rendered":"Espa\u00f1ola de 115 a\u00f1os posible nueva decana de la humanidad"},"content":{"rendered":"<p><strong>Tegucigalpa,Honduras jueves 19 enero 2023<\/strong><\/p>\n<\/p>\n<p>Una espa\u00f1ola de 115 a\u00f1os, nacida en Estados Unidos, es la probable nueva decana de la humanidad, indic\u00f3 \u00a0un consultor del Guiness World Records tras la <a href=\"https:\/\/www.dw.com\/es\/fallece-en-francia-la-mujer-m%C3%A1s-longeva-del-mundo\/a-64442717\">muerte de la francesa sor Andr\u00e9, de 118 a\u00f1os<\/a>, quien ostentaba el t\u00edtulo.<\/p>\n<p>Maria Branyas Morera vive en el ancianato Santa Maria del Tura, en la ciudad de Olot, en el noreste de Espa\u00f1a, desde hace 20 a\u00f1os.<\/p>\n<p>La instituci\u00f3n declar\u00f3 que organizar\u00e1 una \u00abpeque\u00f1a fiesta\u00bb a puerta cerrada en los pr\u00f3ximos d\u00edas para \u00abcelebrar este acontecimiento muy especial\u00bb.<\/p>\n<p>El establecimiento precis\u00f3 que ella goza de buena salud y agradece el inter\u00e9s que suscita.<\/p>\n<p>El consultor principal en gerontolog\u00eda para el Guinness World Records, Robert D. Young, precis\u00f3 que es \u00abprobable\u00bb que Morera sea la nueva decana de la humanidad. \u00abPero no est\u00e1 confirmado por el momento\u00bb, escribi\u00f3 en un mail a la AFP.<\/p>\n<p>La organizaci\u00f3n del Guinness tomar\u00e1 una decisi\u00f3n oficial tras verificar los documentos oficiales y entrevistarse con la familia de Morera, precis\u00f3 Young, quien es tambi\u00e9n director de la base de datos de investigaci\u00f3n sobre los grandes centenarios del Grupo de investigaci\u00f3n en gerontolog\u00eda (Gerontology Research Group).<\/p>\n<h2>Sobreviviente de tres guerras y dos pandemias<\/h2>\n<p>Maria Branyas Morera sobrevivi\u00f3 a la pandemia de gripe de 1918 (tambi\u00e9n llamada gripa espa\u00f1ola), a dos guerras mundiales, a la Guerra civil espa\u00f1ola y la \u00faltima pandemia de COVID-19.<\/p>\n<p>La hija menor de la centenaria, Rosa Moret, de 78 a\u00f1os, salud\u00f3 la buena salud de su madre.<\/p>\n<p>\u00abNunca fue al hospital y nunca tuvo una fractura\u00bb, declar\u00f3 Rosa Moret el mi\u00e9rcoles en la televisi\u00f3n regional catalana. Maria Branyas Morera naci\u00f3 en San Francisco (oeste de Estados Unidos) el 4 de marzo de 1907, luego de que su familia originaria de Espa\u00f1a se hubiera trasladado de M\u00e9xico a Estados Unidos.<\/p>\n<p>Su familia se traslad\u00f3 luego a Nueva Orl\u00e9ans (sur de Estados Unidos) en 1910, antes de regresar a Espa\u00f1a en 1915. En 1931 se cas\u00f3 con un m\u00e9dico, muerto a la edad de 72 a\u00f1os.<\/p>\n<p>Morera tuvo tres hijos, uno de ellos ya fallecido, y 11 nietos y 11 bisnietos.<\/p>\n<p>La francesa sor Andr\u00e9, cuyo nombre era Lucile Randon, nacida el 11 de febrero de 1904 en Al\u00e8s, era desde abril de 2022 la decana de la humanidad. Muri\u00f3 mientras dorm\u00eda en la madrugada del martes en un ancianato de Toulon, en el sur de Francia.<\/p>\n<p><strong>Fuente: <a href=\"https:\/\/www.google.com\/search?client=safari&amp;rls=en&amp;q=made+for+minds&amp;ie=UTF-8&amp;oe=UTF-8\">made for minds<\/a><\/strong><\/p>\n","protected":false},"excerpt":{"rendered":"<p>Tegucigalpa,Honduras jueves 19 enero 2023 Una espa\u00f1ola de 115 a\u00f1os, nacida en Estados Unidos, es la probable nueva decana de la humanidad, indic\u00f3 \u00a0un consultor del Guiness World Records tras la muerte de la francesa sor Andr\u00e9, de 118 a\u00f1os, quien ostentaba el t\u00edtulo. Maria Branyas Morera vive en el ancianato Santa Maria del Tura, &hellip;<\/p>\n","protected":false},"author":0,"featured_media":46751,"comment_status":"open","ping_status":"open","sticky":false,"template":"","format":"standard","meta":{"_jetpack_memberships_contains_paid_content":false,"footnotes":""},"categories":[5],"tags":[],"class_list":["post-46750","post","type-post","status-publish","format-standard","has-post-thumbnail","","category-noticias"],"jetpack_sharing_enabled":true,"jetpack_featured_media_url":"http:\/\/mickyandoniehn.com\/radio\/wp-content\/uploads\/2023\/01\/64444878_303-bHgbdG.jpeg","_links":{"self":[{"href":"http:\/\/mickyandoniehn.com\/radio\/wp-json\/wp\/v2\/posts\/46750","targetHints":{"allow":["GET"]}}],"collection":[{"href":"http:\/\/mickyandoniehn.com\/radio\/wp-json\/wp\/v2\/posts"}],"about":[{"href":"http:\/\/mickyandoniehn.com\/radio\/wp-json\/wp\/v2\/types\/post"}],"replies":[{"embeddable":true,"href":"http:\/\/mickyandoniehn.com\/radio\/wp-json\/wp\/v2\/comments?post=46750"}],"version-history":[{"count":0,"href":"http:\/\/mickyandoniehn.com\/radio\/wp-json\/wp\/v2\/posts\/46750\/revisions"}],"wp:featuredmedia":[{"embeddable":true,"href":"http:\/\/mickyandoniehn.com\/radio\/wp-json\/wp\/v2\/media\/46751"}],"wp:attachment":[{"href":"http:\/\/mickyandoniehn.com\/radio\/wp-json\/wp\/v2\/media?parent=46750"}],"wp:term":[{"taxonomy":"category","embeddable":true,"href":"http:\/\/mickyandoniehn.com\/radio\/wp-json\/wp\/v2\/categories?post=46750"},{"taxonomy":"post_tag","embeddable":true,"href":"http:\/\/mickyandoniehn.com\/radio\/wp-json\/wp\/v2\/tags?post=46750"}],"curies":[{"name":"wp","href":"https:\/\/api.w.org\/{rel}","templated":true}]}}