{"id":45767,"date":"2023-01-10T10:13:36","date_gmt":"2023-01-10T16:13:36","guid":{"rendered":"https:\/\/mickyandoniehn.com\/radio\/2023\/01\/10\/como-es-el-altiplano-la-carcel-donde-esta-ovidio-guzman-y-que-fue-disenada-para-ser-impenetrable\/"},"modified":"2023-01-10T10:13:36","modified_gmt":"2023-01-10T16:13:36","slug":"como-es-el-altiplano-la-carcel-donde-esta-ovidio-guzman-y-que-fue-disenada-para-ser-impenetrable","status":"publish","type":"post","link":"http:\/\/mickyandoniehn.com\/radio\/2023\/01\/10\/como-es-el-altiplano-la-carcel-donde-esta-ovidio-guzman-y-que-fue-disenada-para-ser-impenetrable\/","title":{"rendered":"C\u00f3mo es \u201cEl Altiplano\u201d, la c\u00e1rcel donde est\u00e1 Ovidio Guzm\u00e1n y que fue dise\u00f1ada para ser impenetrable"},"content":{"rendered":"<p><strong>Tegucigalpa Honduras martes 10 enero 2023<\/strong><\/p>\n<\/p>\n<p>La c\u00e1rcel a la que fue enviado el presunto narcotraficante Ovidio Guzm\u00e1n L\u00f3pez es considerada la de mayor seguridad en M\u00e9xico, aunque esta categor\u00eda qued\u00f3 en entredicho cuando en julio de 2015 su padre, el ahora convicto Joaqu\u00edn \u201cEl Chapo\u201d Guzm\u00e1n, escap\u00f3 de ella a trav\u00e9s de un t\u00fanel.<\/p>\n<p>\u00a0<\/p>\n<p>Tras su <a href=\"https:\/\/cnnespanol.cnn.com\/2023\/01\/05\/ovidio-guzman-captura-operativo-detalles-orix\/\" target=\"_blank\" rel=\"noopener\">captura en Sinaloa en la madrugada del jueves 5 de enero<\/a>, Guzm\u00e1n L\u00f3pez fue enviado ese mismo d\u00eda al Centro Federal de Readaptaci\u00f3n Social (Cefereso) n\u00famero 1, conocido como \u201cEl Altiplano\u201d, localizado en el municipio de Almoloya de Ju\u00e1rez, en el estado de M\u00e9xico, inform\u00f3 el gobierno mexicano.<\/p>\n<p><strong><a href=\"https:\/\/cnnespanol.cnn.com\/2023\/01\/06\/ovidio-guzman-prision-el-altiplano-alguna-vez-se-fugo-su-padre-chapo-guzman-orix\/\" target=\"_blank\" rel=\"noopener\">Ovidio Guzm\u00e1n fue trasladado al mismo penal desde el que alguna vez se fug\u00f3 su padre, el Chapo<\/a><\/strong><\/p>\n<p>El especialista en temas de seguridad Fernando Espinoza de los Monteros dice que \u201cEl Altiplano\u201d tiene muros altos y gruesos, adem\u00e1s de contar con c\u00e1maras de videovigilancia en casi todas las \u00e1reas y un sistema que bloquea la se\u00f1al para el uso de celulares.<\/p>\n<p>Advierte que los internos \u2013\u2013entre los que hay delincuentes condenados de alta peligrosidad pero tambi\u00e9n detenidos sin sentencia firme, como el propio Guzm\u00e1n L\u00f3pez\u2013\u2013 est\u00e1n aislados la mayor parte del d\u00eda y que su comunicaci\u00f3n con otros reos, custodios, abogados y familiares es m\u00ednima.<\/p>\n<p>Un funcionario al servicio del sistema penitenciario en M\u00e9xico, quien pidi\u00f3 el anonimato, dijo que estos centros de readaptaci\u00f3n se construyeron inspirados en lo que se conoce como modelo saj\u00f3n, cuya premisa es la segregaci\u00f3n de los internos antes que su reinserci\u00f3n.<\/p>\n<div class=\"outstream\">\n<div class=\"ad\"><\/div>\n<\/div>\n<p>Seg\u00fan este experto, centros penitenciarios como \u201cEl Altiplano\u201d tienen bloques de concreto y acero para que sean \u201cen teor\u00eda impenetrables\u201d.<\/p>\n<p>\u201cEl Chapo pudo escapar debido a la corrupci\u00f3n, porque sin el plano jam\u00e1s habr\u00eda hecho un t\u00fanel; es como un panal, tienes que saber d\u00f3nde est\u00e1 el suelo blando y d\u00f3nde no, porque si no lo sabes, es impenetrable\u201d, dijo.<\/p>\n<div class=\"wp-caption alignnone\">\n<p class=\"wp-caption-text\">Vista de la prisi\u00f3n del Altiplano en Almoloya de Ju\u00e1rez, M\u00e9xico, el 12 de julio de 2015. (Cr\u00e9dito: YURI CORTEZ\/AFP v\u00eda Getty Images)<\/p>\n<\/div>\n<p><a href=\"https:\/\/cnnespanol.cnn.com\/wp-content\/uploads\/2023\/01\/ovidio-carcel-altiplano-chapo.jpg?quality=100&amp;strip=info\">Medios nacionales e internacionales reportaron que El Chapo y \u00c9dgar Valdez Villarreal alias \u201cLa Barbie\u201d encabezaron una huelga de hambre dentro de la prisi\u00f3n por los supuestos malos tratos de los que dijeron eran v\u00edctimas.<\/a><\/p>\n<p><a href=\"https:\/\/cnnespanol.cnn.com\/wp-content\/uploads\/2023\/01\/ovidio-carcel-altiplano-chapo.jpg?quality=100&amp;strip=info\">Javier Oliva Posada, profesor e investigador de la Facultad de Ciencias Pol\u00edticas y Sociales de la Universidad Aut\u00f3noma de M\u00e9xico (UNAM), agrega que por este centro han pasado algunos de los criminales m\u00e1s peligrosos del pa\u00eds, como los narcotraficantes Servando G\u00f3mez Mart\u00ednez \u201cLa Tuta\u201d, Rafael Caro Quintero, adem\u00e1s de La Barbie y El Chapo o conocidos personajes como Mario Aburto Mart\u00ednez, acusado de asesinar al pol\u00edtico mexicano Luis Donaldo Colosio.<\/a><\/p>\n<p><a href=\"https:\/\/cnnespanol.cnn.com\/wp-content\/uploads\/2023\/01\/ovidio-carcel-altiplano-chapo.jpg?quality=100&amp;strip=info\">Seg\u00fan el catedr\u00e1tico, los internos tienen muy poco tiempo para respirar al aire libre en peque\u00f1os patios, tomar el sol o ejercitarse, lo que eventualmente termina afectando su salud mental y emocional.<\/a><\/p>\n<p><a href=\"https:\/\/cnnespanol.cnn.com\/wp-content\/uploads\/2023\/01\/ovidio-carcel-altiplano-chapo.jpg?quality=100&amp;strip=info\">La c\u00e1rcel donde Guzm\u00e1n L\u00f3pez duerme desde el jueves tiene una poblaci\u00f3n de 488 reos, aunque su capacidad es para 764 y obtuvo calificaci\u00f3n de 7.23 en una escala del cero al 10, donde 10 es lo mejor evaluado, seg\u00fan el Diagn\u00f3stico Nacional de Supervisi\u00f3n Penitenciaria del 2021 que realiza la Comisi\u00f3n Nacional de Derechos Humanos.<\/a><\/p>\n<p><strong><a href=\"https:\/\/cnnespanol.cnn.com\/2023\/01\/06\/juez-suspendio-extradicion-ovidio-guzman-estados-unidos-orix\/\" target=\"_blank\" rel=\"noopener\">Un juez suspendi\u00f3 la extradici\u00f3n de Ovidio Guzm\u00e1n a Estados Unidos<\/a><\/strong><\/p>\n<p>La CNDH eval\u00faa cinco aspectos: las garant\u00edas que otorgan a la integridad f\u00edsica y moral de los internos; las garant\u00edas a una estancia digna; condiciones de gobernabilidad; reinserci\u00f3n social del interno y grupos de personas privadas de la libertad con requerimientos espec\u00edficos.<\/p>\n<p>El informe refiere que las autoridades en \u201cEl Altiplano\u201d deben prestar atenci\u00f3n en rubros como la insuficiencia de personal de seguridad y custodia; la separaci\u00f3n entre procesados y sentenciados y en las actividades deportivas y educativas, as\u00ed como en las actividades laborales y de capacitaci\u00f3n.<\/p>\n<p>Advierte tambi\u00e9n de la deficiencia en la atenci\u00f3n a personas adultas mayores y en los programas para la prevenci\u00f3n de adicciones y desintoxicaci\u00f3n.<\/p>\n<p>En contraparte reconoce una apropiada atenci\u00f3n en temas como las garant\u00edas a su integridad de las que gozan los internos: espacios dignos, adecuada gobernabilidad y reinserci\u00f3n social de los internos.<\/p>\n<p><strong>Fuente: CNN<\/strong><\/p>\n","protected":false},"excerpt":{"rendered":"<p>Tegucigalpa Honduras martes 10 enero 2023 La c\u00e1rcel a la que fue enviado el presunto narcotraficante Ovidio Guzm\u00e1n L\u00f3pez es considerada la de mayor seguridad en M\u00e9xico, aunque esta categor\u00eda qued\u00f3 en entredicho cuando en julio de 2015 su padre, el ahora convicto Joaqu\u00edn \u201cEl Chapo\u201d Guzm\u00e1n, escap\u00f3 de ella a trav\u00e9s de un t\u00fanel. &hellip;<\/p>\n","protected":false},"author":0,"featured_media":45768,"comment_status":"open","ping_status":"open","sticky":false,"template":"","format":"standard","meta":{"_jetpack_memberships_contains_paid_content":false,"footnotes":""},"categories":[5],"tags":[],"class_list":["post-45767","post","type-post","status-publish","format-standard","has-post-thumbnail","","category-noticias"],"jetpack_sharing_enabled":true,"jetpack_featured_media_url":"http:\/\/mickyandoniehn.com\/radio\/wp-content\/uploads\/2023\/01\/Unknown-13-3QhC0R.jpeg","_links":{"self":[{"href":"http:\/\/mickyandoniehn.com\/radio\/wp-json\/wp\/v2\/posts\/45767","targetHints":{"allow":["GET"]}}],"collection":[{"href":"http:\/\/mickyandoniehn.com\/radio\/wp-json\/wp\/v2\/posts"}],"about":[{"href":"http:\/\/mickyandoniehn.com\/radio\/wp-json\/wp\/v2\/types\/post"}],"replies":[{"embeddable":true,"href":"http:\/\/mickyandoniehn.com\/radio\/wp-json\/wp\/v2\/comments?post=45767"}],"version-history":[{"count":0,"href":"http:\/\/mickyandoniehn.com\/radio\/wp-json\/wp\/v2\/posts\/45767\/revisions"}],"wp:featuredmedia":[{"embeddable":true,"href":"http:\/\/mickyandoniehn.com\/radio\/wp-json\/wp\/v2\/media\/45768"}],"wp:attachment":[{"href":"http:\/\/mickyandoniehn.com\/radio\/wp-json\/wp\/v2\/media?parent=45767"}],"wp:term":[{"taxonomy":"category","embeddable":true,"href":"http:\/\/mickyandoniehn.com\/radio\/wp-json\/wp\/v2\/categories?post=45767"},{"taxonomy":"post_tag","embeddable":true,"href":"http:\/\/mickyandoniehn.com\/radio\/wp-json\/wp\/v2\/tags?post=45767"}],"curies":[{"name":"wp","href":"https:\/\/api.w.org\/{rel}","templated":true}]}}