{"id":45689,"date":"2023-01-10T07:12:44","date_gmt":"2023-01-10T13:12:44","guid":{"rendered":"http:\/\/mickyandoniehn.com\/radio\/2023\/01\/10\/politicos-periodistas-y-artistas-dan-las-gracias-a-serrat-en-su-despedida\/"},"modified":"2023-01-10T07:12:44","modified_gmt":"2023-01-10T13:12:44","slug":"politicos-periodistas-y-artistas-dan-las-gracias-a-serrat-en-su-despedida","status":"publish","type":"post","link":"http:\/\/mickyandoniehn.com\/radio\/2023\/01\/10\/politicos-periodistas-y-artistas-dan-las-gracias-a-serrat-en-su-despedida\/","title":{"rendered":"Pol\u00edticos, periodistas y artistas dan las gracias a Serrat en su despedida"},"content":{"rendered":"<p><strong>Tegucigalpa Honduras martes 10 enero 2023<\/strong><\/p>\n<\/p>\n<p>-El presidente de Gobierno, Pedro S\u00e1nchez, ha acudido junto a otros pol\u00edticos, como el ministro de Cultura y Deportes, Miquel Iceta, y la alcaldesa de Barcelona, Ada Colau, y m\u00fasicos, como los hermanos Mu\u00f1oz de Estopa y periodistas como Jordi \u00c9vole.<\/p>\n<p>An\u00f3nimos y famosos, todos han disfrutado en el Palau Sant Jordi de una fiesta inolvidable, en la que tanto sobre el escenario como en las gradas y la platea han mandado las emociones, y unos y otros han pasado de la alegr\u00eda a nostalgia y de melancol\u00eda a la euforia en cuesti\u00f3n de minutos.<\/p>\n<p>Para su paisanos, los que nacieron como \u00e9l a orillas del Mediterr\u00e1neo, y para los que han venido de lejos para decirle adi\u00f3s, Joan Manuel Serrat ha preparado un repertorio especial, con m\u00e1s canciones en catal\u00e1n de lo que ha sido habitual en la gira de despedida \u201cEl vicio de cantar 1965-2022\u201d, que empez\u00f3 en Nueva York hace ocho meses y que hoy llega a su fin, despu\u00e9s de recorrer toda Espa\u00f1a y Am\u00e9rica.<\/p>\n<p>\u201cTemps era temps\u201d es la canci\u00f3n que ha abierto un viaje sentimental que ha empezado con im\u00e1genes de la posguerra espa\u00f1ola en la gran pantalla del escenario y un recuerdo para aquellos ni\u00f1os que, como \u00e9l, nacieron en \u201cuna grande y libre\u201d y se entreten\u00eda con \u201cMetro Goldwyn Mayer\u201d y \u201clo toma o lo deja\u201d.<\/p>\n<p>Luego ha recordado a su madre con \u201cCan\u00e7\u00f3 de bressol\u201d, a su padre con \u201cEl carrusel del Furo\u201d, a la calle del Poble Sec que le vio crecer en \u201cEl meu carrer\u201d, a su ciudad natal con \u201cBarcelona i jo\u201d y a su querido Miquel Hern\u00e1ndez con \u201cNanas de la cebolla\u201d.<\/p>\n<p>El publico, que no ha tenido que dejarse convencer porque ha llegado ya convencido y entregado, ha aplaudido antes y despu\u00e9s de cada canci\u00f3n, y en algunas tambi\u00e9n en medio.<\/p>\n<p>Pero todav\u00eda faltaba mucho material sensible: \u201cPara la libertad\u201d ha levantado al p\u00fablico de sus asientos, \u201cLa tieta\u201d ha hecho llorar a m\u00e1s de uno y \u201cMediterr\u00e1neo\u201d podr\u00eda haber sido la apoteosis, pero ha tenido que disputarla con \u201cPare\u201d, \u201cPlany al mar\u201d, \u201cCantares\u201d, \u201cParaules d\u2019amor\u201d y \u201cUna guitarra\u201d, \u00e9sta \u00faltima \u00e9l solo en el escenario.<\/p>\n<p>Serrat, que en todos estos a\u00f1os ha aprendido a estar en todas partes como en casa, hoy ha podido disfrutar del placer de ser profeta en su tierra.<br \/>\nPorque quiz\u00e1s, como dice Antonio Machado y \u00e9l canta, nunca persigui\u00f3 la gloria, ni dejar en la memoria de los hombres su canci\u00f3n, pero ha conseguido las dos cosas.<\/p>\n<p><strong>Fuente: La Tribuna<\/strong><\/p>\n","protected":false},"excerpt":{"rendered":"<p>Tegucigalpa Honduras martes 10 enero 2023 -El presidente de Gobierno, Pedro S\u00e1nchez, ha acudido junto a otros pol\u00edticos, como el ministro de Cultura y Deportes, Miquel Iceta, y la alcaldesa de Barcelona, Ada Colau, y m\u00fasicos, como los hermanos Mu\u00f1oz de Estopa y periodistas como Jordi \u00c9vole. An\u00f3nimos y famosos, todos han disfrutado en el &hellip;<\/p>\n","protected":false},"author":0,"featured_media":45690,"comment_status":"open","ping_status":"open","sticky":false,"template":"","format":"standard","meta":{"_jetpack_memberships_contains_paid_content":false,"footnotes":""},"categories":[5],"tags":[],"class_list":["post-45689","post","type-post","status-publish","format-standard","has-post-thumbnail","","category-noticias"],"jetpack_sharing_enabled":true,"jetpack_featured_media_url":"http:\/\/mickyandoniehn.com\/radio\/wp-content\/uploads\/2023\/01\/joan-manuel-serrat-696x459-1-lxiRuu.jpeg","_links":{"self":[{"href":"http:\/\/mickyandoniehn.com\/radio\/wp-json\/wp\/v2\/posts\/45689","targetHints":{"allow":["GET"]}}],"collection":[{"href":"http:\/\/mickyandoniehn.com\/radio\/wp-json\/wp\/v2\/posts"}],"about":[{"href":"http:\/\/mickyandoniehn.com\/radio\/wp-json\/wp\/v2\/types\/post"}],"replies":[{"embeddable":true,"href":"http:\/\/mickyandoniehn.com\/radio\/wp-json\/wp\/v2\/comments?post=45689"}],"version-history":[{"count":0,"href":"http:\/\/mickyandoniehn.com\/radio\/wp-json\/wp\/v2\/posts\/45689\/revisions"}],"wp:featuredmedia":[{"embeddable":true,"href":"http:\/\/mickyandoniehn.com\/radio\/wp-json\/wp\/v2\/media\/45690"}],"wp:attachment":[{"href":"http:\/\/mickyandoniehn.com\/radio\/wp-json\/wp\/v2\/media?parent=45689"}],"wp:term":[{"taxonomy":"category","embeddable":true,"href":"http:\/\/mickyandoniehn.com\/radio\/wp-json\/wp\/v2\/categories?post=45689"},{"taxonomy":"post_tag","embeddable":true,"href":"http:\/\/mickyandoniehn.com\/radio\/wp-json\/wp\/v2\/tags?post=45689"}],"curies":[{"name":"wp","href":"https:\/\/api.w.org\/{rel}","templated":true}]}}