{"id":40294,"date":"2022-11-13T08:12:30","date_gmt":"2022-11-13T14:12:30","guid":{"rendered":"https:\/\/mickyandoniehn.com\/radio\/2022\/11\/13\/honduras-pais-bastante-peligroso-para-ejercer-el-periodismo-segun-la-unesco\/"},"modified":"2022-11-13T08:12:30","modified_gmt":"2022-11-13T14:12:30","slug":"honduras-pais-bastante-peligroso-para-ejercer-el-periodismo-segun-la-unesco","status":"publish","type":"post","link":"http:\/\/mickyandoniehn.com\/radio\/2022\/11\/13\/honduras-pais-bastante-peligroso-para-ejercer-el-periodismo-segun-la-unesco\/","title":{"rendered":"Honduras, pa\u00eds bastante peligroso para ejercer el periodismo, seg\u00fan la Unesco"},"content":{"rendered":"<p><strong>Tegucigalpa,Honduras domingo 13 noviembre \u00a02022<\/strong><\/p>\n<\/p>\n<p>El director y representante de la Oficina Multipa\u00eds en Centroam\u00e9rica de la Organizaci\u00f3n de las Naciones Unidas para la Educaci\u00f3n, la Ciencia y la Cultura (Unesco), Alexander Leicht, dijo este mi\u00e9rcoles en Tegucigalpa que ejercer el periodismo en Honduras es \u201cbastante peligroso\u201d.<\/p>\n<p>\u201cHonduras es un pa\u00eds bastante peligroso para ejercer el periodismo, las cifras lo demuestran\u201d, indic\u00f3 a EFE Leicht, luego de su participaci\u00f3n en el foro \u201cRetos, logros y oportunidades: la protecci\u00f3n, seguridad y salud mental de periodistas\u201d, auspiciado por la Unesco y otras agencias del Sistema de las Naciones Unidas.<\/p>\n<p>En el foro, que se celebr\u00f3 en el Centro Cultural de Espa\u00f1a en Tegucigalpa (CCET), se record\u00f3 que en lo que va del presente siglo en Honduras han sido asesinados alrededor de un centenar de periodistas y comunicadores sociales, cuyos casos en m\u00e1s del 90 % contin\u00faan en la impunidad.<\/p>\n<p>Solo en lo que va de 2022 han sido asesinados cinco periodistas, seg\u00fan registros del Comit\u00e9 de Libre Expresi\u00f3n (C-Libre).<\/p>\n<p>En la jornada participaron directivos del Colegio de Periodistas de Honduras, Asociaci\u00f3n de Prensa Hondure\u00f1a, C-Libre, docentes universitarios y comunicadores de varias regiones del pa\u00eds centroamericano.<\/p>\n<p>Leicht resalt\u00f3 que en Latinoam\u00e9rica, El Salvador, Honduras y M\u00e9xico figuran entre los pa\u00edses en los que es \u201caltamente peligroso\u201d ejercer el periodismo.<\/p>\n<p>El tema de la impunidad fue uno de los m\u00e1s importantes abordados en el foro sobre la seguridad de los periodistas.<\/p>\n<p>\u201cSe dijo de manera muy clara que sin periodismo no hay democracia y esa es la posici\u00f3n de la Unesco, necesitamos un periodismo muy activo que pueda hacer su trabajo con seguridad para tener un discurso abierto y democr\u00e1tico\u201d, expres\u00f3 Leicht.<\/p>\n<p>A\u00f1adi\u00f3 que \u201ces muy importante que todas las partes tomen su responsabilidad de proteger a los periodistas y el periodismo, y eso significa que tambi\u00e9n tenemos que atacar el problema de la impunidad y que el Estado ayude a frenar la impunidad cuando hay asesinatos de periodistas\u201d.<\/p>\n<p>Seg\u00fan Leicht, el riesgo para ejercer el periodismo es a nivel mundial y solo el 15 % de los cr\u00edmenes han sido aclarados.<\/p>\n<p>En el foro tambi\u00e9n se habl\u00f3 de los m\u00faltiples tipos de amenazas contra los periodistas, siendo las m\u00e1s novedosas \u201clas amenazas en l\u00ednea por redes sociales y Whatsapp\u201d.<\/p>\n<p>El representante de la Unesco resalt\u00f3 entre las conclusiones \u201cel car\u00e1cter que todos los periodistas tienen y necesitan para hacer su trabajo en el d\u00eda a d\u00eda\u201d.<\/p>\n<p>\u201caa mi tambi\u00e9n a nivel personal es muy impresionante sobre la resiliencia que los periodistas tienen y necesitan\u201d, dijo Leicht, quien adem\u00e1s considera que el Estado y el Gobierno \u201ctienen su responsabilidad de proteger el periodismo, crear, mantener y desarrollar sistemas de protecci\u00f3n\u201d.<\/p>\n<p>Tambi\u00e9n valor\u00f3 la importancia que tiene la concienciaci\u00f3n de toda la poblaci\u00f3n y el \u201cperiodismo seguro que se debe ejercer, porque como se dijo hoy, sin periodismo no hay democracia\u201d.<\/p>\n<p>Leicht dijo adem\u00e1s, sin precisar detalles, que en Costa Rica hay varios periodistas de la regi\u00f3n centroamericana en condici\u00f3n de \u201crefugiados\u201d, que tuvieron que irse de sus pa\u00edses \u201cpor amenazas, acoso en l\u00ednea y sus condiciones de trabajo se volvieron muy dif\u00edciles\u201d.<\/p>\n<p>\u201cSon de toda la regi\u00f3n. En todo el mundo entre los refugiados siempre hay periodistas\u201d, apostill\u00f3.<\/p>\n<p><strong>Fuente: La Tribuna<\/strong><\/p>\n","protected":false},"excerpt":{"rendered":"<p>Tegucigalpa,Honduras domingo 13 noviembre \u00a02022 El director y representante de la Oficina Multipa\u00eds en Centroam\u00e9rica de la Organizaci\u00f3n de las Naciones Unidas para la Educaci\u00f3n, la Ciencia y la Cultura (Unesco), Alexander Leicht, dijo este mi\u00e9rcoles en Tegucigalpa que ejercer el periodismo en Honduras es \u201cbastante peligroso\u201d. \u201cHonduras es un pa\u00eds bastante peligroso para ejercer &hellip;<\/p>\n","protected":false},"author":0,"featured_media":40295,"comment_status":"open","ping_status":"open","sticky":false,"template":"","format":"standard","meta":{"_jetpack_memberships_contains_paid_content":false,"footnotes":""},"categories":[5],"tags":[],"class_list":["post-40294","post","type-post","status-publish","format-standard","has-post-thumbnail","","category-noticias"],"jetpack_sharing_enabled":true,"jetpack_featured_media_url":"http:\/\/mickyandoniehn.com\/radio\/wp-content\/uploads\/2022\/11\/PERIODISMO-Txn7mD.jpeg","_links":{"self":[{"href":"http:\/\/mickyandoniehn.com\/radio\/wp-json\/wp\/v2\/posts\/40294","targetHints":{"allow":["GET"]}}],"collection":[{"href":"http:\/\/mickyandoniehn.com\/radio\/wp-json\/wp\/v2\/posts"}],"about":[{"href":"http:\/\/mickyandoniehn.com\/radio\/wp-json\/wp\/v2\/types\/post"}],"replies":[{"embeddable":true,"href":"http:\/\/mickyandoniehn.com\/radio\/wp-json\/wp\/v2\/comments?post=40294"}],"version-history":[{"count":0,"href":"http:\/\/mickyandoniehn.com\/radio\/wp-json\/wp\/v2\/posts\/40294\/revisions"}],"wp:featuredmedia":[{"embeddable":true,"href":"http:\/\/mickyandoniehn.com\/radio\/wp-json\/wp\/v2\/media\/40295"}],"wp:attachment":[{"href":"http:\/\/mickyandoniehn.com\/radio\/wp-json\/wp\/v2\/media?parent=40294"}],"wp:term":[{"taxonomy":"category","embeddable":true,"href":"http:\/\/mickyandoniehn.com\/radio\/wp-json\/wp\/v2\/categories?post=40294"},{"taxonomy":"post_tag","embeddable":true,"href":"http:\/\/mickyandoniehn.com\/radio\/wp-json\/wp\/v2\/tags?post=40294"}],"curies":[{"name":"wp","href":"https:\/\/api.w.org\/{rel}","templated":true}]}}