{"id":40292,"date":"2022-11-13T07:13:14","date_gmt":"2022-11-13T13:13:14","guid":{"rendered":"https:\/\/mickyandoniehn.com\/radio\/2022\/11\/13\/funcionan-las-camaras-de-seguridad-del-911-en-medio-de-la-inseguridad-que-vive-la-poblacion\/"},"modified":"2022-11-13T07:13:14","modified_gmt":"2022-11-13T13:13:14","slug":"funcionan-las-camaras-de-seguridad-del-911-en-medio-de-la-inseguridad-que-vive-la-poblacion","status":"publish","type":"post","link":"http:\/\/mickyandoniehn.com\/radio\/2022\/11\/13\/funcionan-las-camaras-de-seguridad-del-911-en-medio-de-la-inseguridad-que-vive-la-poblacion\/","title":{"rendered":"\u00bfFuncionan las c\u00e1maras de seguridad del 911, en medio de la inseguridad que vive la poblaci\u00f3n?"},"content":{"rendered":"<p><strong>Tegucigalpa,Honduras domingo 13 noviembre \u00a02022<\/strong><\/p>\n<\/p>\n<p>En los \u00faltimos d\u00edas la poblaci\u00f3n hondure\u00f1a resiente un incremento de la inseguridad, homicidios, atentados, asaltos y extorsi\u00f3n, una de las esperanzas de claridad en algunos de los casos son las c\u00e1maras de vigilancia del 911, pero en la actualidad se desconoce si estas funcionan con normalidad.<\/p>\n<p>El mes pasado la sociedad se vio sorprendida con la noticia de que el sistema de vigilancia se encontraba inoperativo, luego del impago del servicio que ascend\u00eda a 11 meses, confirmaron las autoridades.<\/p>\n<p>Pero el tema fue relegado de la agenda p\u00fablica sin conocerse concretamente si el servicio se hab\u00eda restituido o no.<\/p>\n<p>Para el caso lo sucedido la noche del martes con el atentado del que fue v\u00edctima la subdirectora del Instituto Hondure\u00f1o de Seguridad Social (IHSS), la doctora Yadira \u00c1lvarez Moreno pudo o no quedar registrado en el sistema de video, como un coadyuvante que permite contribuir con la investigaci\u00f3n.<\/p>\n<p>La preocupaci\u00f3n de la poblaci\u00f3n crece cuando agentes de la Polic\u00eda Nacional y de la Fuerzas Armadas de Honduras (FFAA), dan cuenta que en operativos en la capital hallaron adem\u00e1s de armas, municiones y chalecos antibalas, c\u00e1maras de seguridad, espec\u00edficamente en la colonia Villanueva de la capital Tegucigalpa; ya que surge la duda de que o a quienes est\u00e1n vigilando los delincuentes. O si, por el contrario, son los vigilantes los que vigilan a sus potenciales v\u00edctimas.<\/p>\n<p>Al consultar a los cuerpos de seguridad sobre el funcionamiento de las c\u00e1maras de vigilancia, respondieron que el asunto corresponde exclusivamente al Sistema 911 y que no tienen reportes pese a que cada unidad de seguridad ciudadana en su respectivo contexto investigativo puede requerir la herramienta.<\/p>\n<p>Al tratar de indagar sobre el estado actual del equipo de seguridad para disipar las dudas de la presunta indefensi\u00f3n de la poblaci\u00f3n y aclarar algunas denuncias, no se obtuvo respuesta pese a que la consulta fue reiterativa e incluy\u00f3 a voceros de las diferentes unidades de los cuerpos de seguridad.<\/p>\n<p><strong>Fuente: La Tribuna<\/strong><\/p>\n","protected":false},"excerpt":{"rendered":"<p>Tegucigalpa,Honduras domingo 13 noviembre \u00a02022 En los \u00faltimos d\u00edas la poblaci\u00f3n hondure\u00f1a resiente un incremento de la inseguridad, homicidios, atentados, asaltos y extorsi\u00f3n, una de las esperanzas de claridad en algunos de los casos son las c\u00e1maras de vigilancia del 911, pero en la actualidad se desconoce si estas funcionan con normalidad. El mes pasado &hellip;<\/p>\n","protected":false},"author":0,"featured_media":40293,"comment_status":"open","ping_status":"open","sticky":false,"template":"","format":"standard","meta":{"_jetpack_memberships_contains_paid_content":false,"footnotes":""},"categories":[5],"tags":[],"class_list":["post-40292","post","type-post","status-publish","format-standard","has-post-thumbnail","","category-noticias"],"jetpack_sharing_enabled":true,"jetpack_featured_media_url":"http:\/\/mickyandoniehn.com\/radio\/wp-content\/uploads\/2022\/11\/camaras-del-911-696x348-1-5Qodfm.jpeg","_links":{"self":[{"href":"http:\/\/mickyandoniehn.com\/radio\/wp-json\/wp\/v2\/posts\/40292","targetHints":{"allow":["GET"]}}],"collection":[{"href":"http:\/\/mickyandoniehn.com\/radio\/wp-json\/wp\/v2\/posts"}],"about":[{"href":"http:\/\/mickyandoniehn.com\/radio\/wp-json\/wp\/v2\/types\/post"}],"replies":[{"embeddable":true,"href":"http:\/\/mickyandoniehn.com\/radio\/wp-json\/wp\/v2\/comments?post=40292"}],"version-history":[{"count":0,"href":"http:\/\/mickyandoniehn.com\/radio\/wp-json\/wp\/v2\/posts\/40292\/revisions"}],"wp:featuredmedia":[{"embeddable":true,"href":"http:\/\/mickyandoniehn.com\/radio\/wp-json\/wp\/v2\/media\/40293"}],"wp:attachment":[{"href":"http:\/\/mickyandoniehn.com\/radio\/wp-json\/wp\/v2\/media?parent=40292"}],"wp:term":[{"taxonomy":"category","embeddable":true,"href":"http:\/\/mickyandoniehn.com\/radio\/wp-json\/wp\/v2\/categories?post=40292"},{"taxonomy":"post_tag","embeddable":true,"href":"http:\/\/mickyandoniehn.com\/radio\/wp-json\/wp\/v2\/tags?post=40292"}],"curies":[{"name":"wp","href":"https:\/\/api.w.org\/{rel}","templated":true}]}}