{"id":40282,"date":"2022-11-13T07:13:11","date_gmt":"2022-11-13T13:13:11","guid":{"rendered":"https:\/\/mickyandoniehn.com\/radio\/2022\/11\/13\/como-afectara-el-crudo-invierno-de-ucrania-a-la-guerra-en-los-proximos-meses\/"},"modified":"2022-11-13T07:13:11","modified_gmt":"2022-11-13T13:13:11","slug":"como-afectara-el-crudo-invierno-de-ucrania-a-la-guerra-en-los-proximos-meses","status":"publish","type":"post","link":"http:\/\/mickyandoniehn.com\/radio\/2022\/11\/13\/como-afectara-el-crudo-invierno-de-ucrania-a-la-guerra-en-los-proximos-meses\/","title":{"rendered":"\u00bfC\u00f3mo afectar\u00e1 el crudo invierno de Ucrania a la guerra en los pr\u00f3ximos meses?"},"content":{"rendered":"<p><strong>Tegucigalpa,Honduras domingo 13 \u00a0 noviembre \u00a0 2022<\/strong><\/p>\n<\/p>\n<div class=\"bbc-19j92fr ebmt73l0\">\n<p class=\"bbc-hhl7in e17g058b0\">En poco m\u00e1s de un mes, el clima invernal descender\u00e1 sobre Ucrania. <\/p>\n<\/div>\n<div class=\"bbc-19j92fr ebmt73l0\">\n<p class=\"bbc-hhl7in e17g058b0\">Es una circunstancia que -pese a las recientes victorias del ej\u00e9rcito ucraniano, como la toma de Jers\u00f3n esta semana- podr\u00eda obstaculizar a sus fuerzas armadas en su intento de seguir recuperando el territorio ocupado por los rusos.<\/p>\n<\/div>\n<div class=\"bbc-19j92fr ebmt73l0\">\n<p class=\"bbc-hhl7in e17g058b0\">Rusia tambi\u00e9n podr\u00eda intentar que la poblaci\u00f3n civil ucraniana pase fr\u00edo, atacando m\u00e1s centrales el\u00e9ctricas y dep\u00f3sitos de combustible.<\/p>\n<\/div>\n<div class=\"bbc-19j92fr ebmt73l0\">\n<p class=\"bbc-hhl7in e17g058b0\">Analizamos c\u00f3mo puede el invierno afectar el conflicto.<\/p>\n<\/div>\n<div class=\"bbc-19j92fr ebmt73l0\">\n<h2 class=\"bbc-1f03ibc eglt09e0\">\u00bfC\u00f3mo de fr\u00edo es el invierno en Ucrania?<\/h2>\n<\/div>\n<div class=\"bbc-19j92fr ebmt73l0\">\n<p class=\"bbc-hhl7in e17g058b0\">Entre diciembre y marzo, las temperaturas medias en Ucrania caen entre -4,8 \u00baC y 2 \u00baC.<\/p>\n<\/div>\n<p><strong>Fuente: La Tribuna<\/strong><\/p>\n","protected":false},"excerpt":{"rendered":"<p>Tegucigalpa,Honduras domingo 13 \u00a0 noviembre \u00a0 2022 En poco m\u00e1s de un mes, el clima invernal descender\u00e1 sobre Ucrania. Es una circunstancia que -pese a las recientes victorias del ej\u00e9rcito ucraniano, como la toma de Jers\u00f3n esta semana- podr\u00eda obstaculizar a sus fuerzas armadas en su intento de seguir recuperando el territorio ocupado por los &hellip;<\/p>\n","protected":false},"author":0,"featured_media":40283,"comment_status":"open","ping_status":"open","sticky":false,"template":"","format":"standard","meta":{"_jetpack_memberships_contains_paid_content":false,"footnotes":""},"categories":[5],"tags":[],"class_list":["post-40282","post","type-post","status-publish","format-standard","has-post-thumbnail","","category-noticias"],"jetpack_sharing_enabled":true,"jetpack_featured_media_url":"http:\/\/mickyandoniehn.com\/radio\/wp-content\/uploads\/2022\/11\/Unknown-22-jMh6pf.jpeg","_links":{"self":[{"href":"http:\/\/mickyandoniehn.com\/radio\/wp-json\/wp\/v2\/posts\/40282","targetHints":{"allow":["GET"]}}],"collection":[{"href":"http:\/\/mickyandoniehn.com\/radio\/wp-json\/wp\/v2\/posts"}],"about":[{"href":"http:\/\/mickyandoniehn.com\/radio\/wp-json\/wp\/v2\/types\/post"}],"replies":[{"embeddable":true,"href":"http:\/\/mickyandoniehn.com\/radio\/wp-json\/wp\/v2\/comments?post=40282"}],"version-history":[{"count":0,"href":"http:\/\/mickyandoniehn.com\/radio\/wp-json\/wp\/v2\/posts\/40282\/revisions"}],"wp:featuredmedia":[{"embeddable":true,"href":"http:\/\/mickyandoniehn.com\/radio\/wp-json\/wp\/v2\/media\/40283"}],"wp:attachment":[{"href":"http:\/\/mickyandoniehn.com\/radio\/wp-json\/wp\/v2\/media?parent=40282"}],"wp:term":[{"taxonomy":"category","embeddable":true,"href":"http:\/\/mickyandoniehn.com\/radio\/wp-json\/wp\/v2\/categories?post=40282"},{"taxonomy":"post_tag","embeddable":true,"href":"http:\/\/mickyandoniehn.com\/radio\/wp-json\/wp\/v2\/tags?post=40282"}],"curies":[{"name":"wp","href":"https:\/\/api.w.org\/{rel}","templated":true}]}}