{"id":40276,"date":"2022-11-13T06:12:43","date_gmt":"2022-11-13T12:12:43","guid":{"rendered":"http:\/\/mickyandoniehn.com\/radio\/2022\/11\/13\/para-reducir-la-pobreza-se-necesita-invertir-en-educacion-y-salud-no-en-bonos\/"},"modified":"2022-11-13T06:12:43","modified_gmt":"2022-11-13T12:12:43","slug":"para-reducir-la-pobreza-se-necesita-invertir-en-educacion-y-salud-no-en-bonos","status":"publish","type":"post","link":"http:\/\/mickyandoniehn.com\/radio\/2022\/11\/13\/para-reducir-la-pobreza-se-necesita-invertir-en-educacion-y-salud-no-en-bonos\/","title":{"rendered":"\u201cPara reducir la pobreza se necesita invertir en educaci\u00f3n y salud, no en bonos\u201d"},"content":{"rendered":"<p><strong>Tegucigalpa,Honduras domingo 13 noviembre \u00a02022<\/strong><\/p>\n<\/p>\n<p>elson \u00c1vila, economista, expres\u00f3 que para reducir la pobreza se necesita invertir en educaci\u00f3n y salud, no en bonos.<\/p>\n<p>Porque las familias necesitan recursos para subsistir.<\/p>\n<p><a href=\"https:\/\/www.paho.org\/es\/hoja-recursos-covid-19-honduras\">La pandemia de COVID-19<\/a> aceler\u00f3 la pobreza, y actualmente la mayor\u00eda de compatriotas viven con tres mil lempiras al mes y la pregunta es: \u00bfpueden sobrevivir con esa cantidad de ingresos las familias hondure\u00f1as?, cuestion\u00f3 \u00c1vila.<\/p>\n<p>El tambi\u00e9n pol\u00edtico reiter\u00f3 que, para reducir la pobreza en el pa\u00eds, se tiene que invertir en calidad y cobertura de educaci\u00f3n, salud y seguridad.<\/p>\n<p>Pero, \u201clo que han hecho los gobiernos es crear programas para dar bonos y eso no reduce la pobreza\u201d, agreg\u00f3.<\/p>\n<p>Honduras es el peor de los pa\u00edses con la distribuci\u00f3n de los ingresos.<\/p>\n<p>Y bajo estas razones, la naci\u00f3n antes de la pandemia, ya ten\u00eda estos indicadores de ocupar los primeros lugares en pobreza de Am\u00e9rica Latina, sostuvo.<\/p>\n<h2><strong>Cepal no prev\u00e9 que la pobreza baje en 2023 en Am\u00e9rica Latina y el Caribe<\/strong><\/h2>\n<p>El nuevo secretario ejecutivo de la Cepal, Jos\u00e9 Manuel Salazar-Xirinachs, consider\u00f3 recientemente que la pobreza en la regi\u00f3n podr\u00eda aumentar el a\u00f1o que viene.<\/p>\n<p>O por lo menos mantenerse estable dada la desaceleraci\u00f3n del crecimiento del producto estimado para 2023.<\/p>\n<p>Al ser consultado si la pobreza podr\u00eda subir el a\u00f1o que viene, Salazar-Xirinachs contest\u00f3 en una reuni\u00f3n con periodistas en la Canciller\u00eda argentina, entre los que estaba EFE: \u201cEs lo que uno pensar\u00eda, \u00bfverdad?\u201d.<\/p>\n<p>\u201cEs muy dif\u00edcil que con una desaceleraci\u00f3n que se profundice en 2023 vaya a haber una reducci\u00f3n de la pobreza\u201d, agreg\u00f3 el representante de la Comisi\u00f3n Econ\u00f3mica para Am\u00e9rica Latina y el Caribe (Cepal) en la primera visita que hace a un pa\u00eds tras asumir hace dos semanas.<\/p>\n<p>Se\u00f1al\u00f3 que la \u00faltima medici\u00f3n de pobreza del organismo es de 32,1 % en 2021 y de pobreza extrema de 13,8 % en promedio para Am\u00e9rica latina y el Caribe.<\/p>\n<p><strong>Fuente: La Tribuna<\/strong><\/p>\n","protected":false},"excerpt":{"rendered":"<p>Tegucigalpa,Honduras domingo 13 noviembre \u00a02022 elson \u00c1vila, economista, expres\u00f3 que para reducir la pobreza se necesita invertir en educaci\u00f3n y salud, no en bonos. Porque las familias necesitan recursos para subsistir. La pandemia de COVID-19 aceler\u00f3 la pobreza, y actualmente la mayor\u00eda de compatriotas viven con tres mil lempiras al mes y la pregunta es: &hellip;<\/p>\n","protected":false},"author":0,"featured_media":40277,"comment_status":"open","ping_status":"open","sticky":false,"template":"","format":"standard","meta":{"_jetpack_memberships_contains_paid_content":false,"footnotes":""},"categories":[5],"tags":[],"class_list":["post-40276","post","type-post","status-publish","format-standard","has-post-thumbnail","","category-noticias"],"jetpack_sharing_enabled":true,"jetpack_featured_media_url":"http:\/\/mickyandoniehn.com\/radio\/wp-content\/uploads\/2022\/11\/FOTO-NOTA-SECUNDARIA-8-GNKZgD.jpeg","_links":{"self":[{"href":"http:\/\/mickyandoniehn.com\/radio\/wp-json\/wp\/v2\/posts\/40276","targetHints":{"allow":["GET"]}}],"collection":[{"href":"http:\/\/mickyandoniehn.com\/radio\/wp-json\/wp\/v2\/posts"}],"about":[{"href":"http:\/\/mickyandoniehn.com\/radio\/wp-json\/wp\/v2\/types\/post"}],"replies":[{"embeddable":true,"href":"http:\/\/mickyandoniehn.com\/radio\/wp-json\/wp\/v2\/comments?post=40276"}],"version-history":[{"count":0,"href":"http:\/\/mickyandoniehn.com\/radio\/wp-json\/wp\/v2\/posts\/40276\/revisions"}],"wp:featuredmedia":[{"embeddable":true,"href":"http:\/\/mickyandoniehn.com\/radio\/wp-json\/wp\/v2\/media\/40277"}],"wp:attachment":[{"href":"http:\/\/mickyandoniehn.com\/radio\/wp-json\/wp\/v2\/media?parent=40276"}],"wp:term":[{"taxonomy":"category","embeddable":true,"href":"http:\/\/mickyandoniehn.com\/radio\/wp-json\/wp\/v2\/categories?post=40276"},{"taxonomy":"post_tag","embeddable":true,"href":"http:\/\/mickyandoniehn.com\/radio\/wp-json\/wp\/v2\/tags?post=40276"}],"curies":[{"name":"wp","href":"https:\/\/api.w.org\/{rel}","templated":true}]}}