{"id":40274,"date":"2022-11-13T06:12:42","date_gmt":"2022-11-13T12:12:42","guid":{"rendered":"http:\/\/mickyandoniehn.com\/radio\/2022\/11\/13\/siguen-disminuyendo-los-casos-de-dengue-en-el-departamento-de-cortes\/"},"modified":"2022-11-13T06:12:42","modified_gmt":"2022-11-13T12:12:42","slug":"siguen-disminuyendo-los-casos-de-dengue-en-el-departamento-de-cortes","status":"publish","type":"post","link":"http:\/\/mickyandoniehn.com\/radio\/2022\/11\/13\/siguen-disminuyendo-los-casos-de-dengue-en-el-departamento-de-cortes\/","title":{"rendered":"Siguen disminuyendo los casos de dengue en el departamento de Cort\u00e9s"},"content":{"rendered":"<p><strong>Tegucigalpa,Honduras domingo 13 noviembre \u00a02022<\/strong><\/p>\n<\/p>\n<p>Los casos de dengue en la zona norte siguen disminuyendo, inform\u00f3 el director de la <a href=\"https:\/\/www.facebook.com\/1520155651613233\/posts\/1979159709046156\/\">Regi\u00f3n Departamental de Salud de Cort\u00e9s<\/a>, Julio Rodr\u00edguez.<\/p>\n<p>Detall\u00f3 que a la semana epidemiol\u00f3gica n\u00famero 40 se reportaron \u00fanicamente 11 casos, mientras que en la 39 fueron 27, agreg\u00f3 que en el municipio donde se registran m\u00e1s personas con dengue es Santa Cruz de Yojoa que representa cuatro casos en este momento los dem\u00e1s, seguido de Choloma, Puerto Cort\u00e9s, Omoa y Villanueva.<\/p>\n<p>Asimismo, a\u00f1adi\u00f3 que hasta la fecha llevan acumulados 1,043 casos de dengue sin signos de alarma, y tres casos graves, \u201cen relaci\u00f3n al a\u00f1o 2021 para esta fecha nosotros ten\u00edamos 1,222 casos y ten\u00edamos 51 casos de dengue grave que en este a\u00f1o s\u00f3lo llevamos tres entonces el dengue realmente ha estado este a\u00f1o a un comportamiento con algunos picos en unos meses, pero de ah\u00ed vuelve a disminuir\u201d, coment\u00f3 el galeno.<\/p>\n<p>No obstante, Rodr\u00edguez se\u00f1al\u00f3 que a esta enfermedad siempre hay que tenerle cuidado m\u00e1s que todo en estos meses, donde se producen lluvias, por lo que invit\u00f3 a la poblaci\u00f3n a mantener las medidas de seguridad, como limpiar los patios y evitar los criaderos de zancudos.<\/p>\n<p>La semana anterior, las autoridades de Salud confirmaron la muerte de dos ni\u00f1os, uno por malaria y otro por dengue.<\/p>\n<p>En el\u00a0<a href=\"https:\/\/www.facebook.com\/HospitalEscuelaHN\/\">Hospital Escuela (HE)<\/a>\u00a0falleci\u00f3, bajo sospecha de dengue, una ni\u00f1a menor de siete meses. Las autoridades correspondientes siguen investigando la causa de su muerte.<\/p>\n<p>El otro caso ocurri\u00f3 en Gracias a Dios, que es la regi\u00f3n que predomina en incidencias por malaria.<\/p>\n<p>Sin embargo, es el primer deceso que se registra por esta enfermedad durante este a\u00f1o<\/p>\n<p><strong>Fuente: La Tribuna<\/strong><\/p>\n","protected":false},"excerpt":{"rendered":"<p>Tegucigalpa,Honduras domingo 13 noviembre \u00a02022 Los casos de dengue en la zona norte siguen disminuyendo, inform\u00f3 el director de la Regi\u00f3n Departamental de Salud de Cort\u00e9s, Julio Rodr\u00edguez. Detall\u00f3 que a la semana epidemiol\u00f3gica n\u00famero 40 se reportaron \u00fanicamente 11 casos, mientras que en la 39 fueron 27, agreg\u00f3 que en el municipio donde se &hellip;<\/p>\n","protected":false},"author":0,"featured_media":40275,"comment_status":"open","ping_status":"open","sticky":false,"template":"","format":"standard","meta":{"_jetpack_memberships_contains_paid_content":false,"footnotes":""},"categories":[5],"tags":[],"class_list":["post-40274","post","type-post","status-publish","format-standard","has-post-thumbnail","","category-noticias"],"jetpack_sharing_enabled":true,"jetpack_featured_media_url":"http:\/\/mickyandoniehn.com\/radio\/wp-content\/uploads\/2022\/11\/nota-3-5-v7RFSB.jpeg","_links":{"self":[{"href":"http:\/\/mickyandoniehn.com\/radio\/wp-json\/wp\/v2\/posts\/40274","targetHints":{"allow":["GET"]}}],"collection":[{"href":"http:\/\/mickyandoniehn.com\/radio\/wp-json\/wp\/v2\/posts"}],"about":[{"href":"http:\/\/mickyandoniehn.com\/radio\/wp-json\/wp\/v2\/types\/post"}],"replies":[{"embeddable":true,"href":"http:\/\/mickyandoniehn.com\/radio\/wp-json\/wp\/v2\/comments?post=40274"}],"version-history":[{"count":0,"href":"http:\/\/mickyandoniehn.com\/radio\/wp-json\/wp\/v2\/posts\/40274\/revisions"}],"wp:featuredmedia":[{"embeddable":true,"href":"http:\/\/mickyandoniehn.com\/radio\/wp-json\/wp\/v2\/media\/40275"}],"wp:attachment":[{"href":"http:\/\/mickyandoniehn.com\/radio\/wp-json\/wp\/v2\/media?parent=40274"}],"wp:term":[{"taxonomy":"category","embeddable":true,"href":"http:\/\/mickyandoniehn.com\/radio\/wp-json\/wp\/v2\/categories?post=40274"},{"taxonomy":"post_tag","embeddable":true,"href":"http:\/\/mickyandoniehn.com\/radio\/wp-json\/wp\/v2\/tags?post=40274"}],"curies":[{"name":"wp","href":"https:\/\/api.w.org\/{rel}","templated":true}]}}