{"id":39992,"date":"2022-11-09T13:12:30","date_gmt":"2022-11-09T19:12:30","guid":{"rendered":"https:\/\/mickyandoniehn.com\/radio\/2022\/11\/09\/fallece-el-reconocido-defensor-de-ddhh-ramon-custodio-lopez\/"},"modified":"2022-11-09T13:12:30","modified_gmt":"2022-11-09T19:12:30","slug":"fallece-el-reconocido-defensor-de-ddhh-ramon-custodio-lopez","status":"publish","type":"post","link":"http:\/\/mickyandoniehn.com\/radio\/2022\/11\/09\/fallece-el-reconocido-defensor-de-ddhh-ramon-custodio-lopez\/","title":{"rendered":"Fallece el reconocido defensor de DDHH, Ram\u00f3n Custodio L\u00f3pez"},"content":{"rendered":"<p><strong>Tegucigalpa,Honduras mi\u00e9rcoles 09 noviembre \u00a02022<\/strong><\/p>\n<\/p>\n<p>El reconocido defensor de Derechos Humanos,\u00a0Ram\u00f3n Custodio L\u00f3pez, muri\u00f3 este mi\u00e9rcoles 9 de noviembre a sus 91 a\u00f1os, luego de luchar contra una larga enfermedad y dejando un legado de vida en la lucha por el pueblo hondure\u00f1o.<\/p>\n<p>Su intensa y apasionada defensa de los derechos humanos de los dirigentes sindicales, estudiantiles, campesinos y de dirigentes pol\u00edticos de las peque\u00f1as agrupaciones de izquierda lo hab\u00edan colocado como uno de los enemigos de los reg\u00edmenes gubernamentales.<\/p>\n<p>Tras su muerte, varias personalidades de diferentes sectores de la sociedad, han reaccionado lamentando la irreparable p\u00e9rdida.<\/p>\n<p>El ministro de Transparencia, Edmundo Orellana, se\u00f1al\u00f3 que la trayectoria de Ram\u00f3n Custodio L\u00f3pez puede tomarse como un ejemplo de dignidad.<\/p>\n<p>\u201cFirme defensor de sus convicciones,\u00a0valiente defensor de los derechos humanos\u00a0en las \u00e9pocas m\u00e1s oscuras y peligrosas que vivi\u00f3 el pa\u00eds, y amigo leal\u201d, escribi\u00f3 v\u00eda Twitter.<\/p>\n<p>El\u00a0Colegio de Periodistas de Honduras (CPH)\u00a0despidi\u00f3 al doctor, asegurando que su legado perdurar\u00e1.<\/p>\n<p>\u201cCon mucho pesar recibimos la noticia del fallecimiento del Dr. Ram\u00f3n Custodio L\u00f3pez, uno de los m\u00e1s grandes defensores de los Derechos Humanos en Honduras,\u00a0se queda con nosotros su legado de honestidad y valent\u00eda\u201d, escribi\u00f3.<\/p>\n<p>Por su parte, la\u00a0diputada liberal, Erika Urtecho, hija de la exdiputada asesinada Carolina Echeverr\u00eda, lo record\u00f3 como un hombre valiente.<\/p>\n<p><a href=\"https:\/\/hondudiario.com\/wp-content\/uploads\/2022\/11\/FhH43BBWAAUQYrT.jpg\"><br \/>\n\u201cEsta madrugada falleci\u00f3 el Doctor Ram\u00f3n Custodio L\u00f3pez,\u00a0hombre valiente y precursor de la defensa de los derechos humanos\u00a0en Honduras. Un abrazo liberal a su hijo y mis condolencias a toda su familia\u201d, public\u00f3.<\/a><\/p>\n<p><a href=\"https:\/\/hondudiario.com\/wp-content\/uploads\/2022\/11\/FhH43BBWAAUQYrT.jpg\">Nacido el 11 de diciembre de 1930, en Comayag\u00fcela, Francisco Moraz\u00e1n; en mayo de 1981 cre\u00f3 (junto a otros) el\u00a0Comit\u00e9 para la Defensa de los Derechos Humanos en Honduras (CODEH), mismo que presidi\u00f3 durante a\u00f1os de esa d\u00e9cada, cuando los militares eran quienes comandaban la naci\u00f3n, lo que le trajo intimidaciones a \u00e9l y su familia.<\/a><\/p>\n<p><a href=\"https:\/\/hondudiario.com\/wp-content\/uploads\/2022\/11\/FhH43BBWAAUQYrT.jpg\">Tras una vida defendiendo los DD.HH., en\u00a02002\u00a0fue nombrado como\u00a0Comisionado Nacional de los Derechos Humanos (Conadeh)\u00a0en el gobierno de Ricardo Maduro, hasta 2008 en el mandato del Jos\u00e9 Manuel Zelaya.<\/a><\/p>\n<p><a href=\"https:\/\/hondudiario.com\/wp-content\/uploads\/2022\/11\/FhH43BBWAAUQYrT.jpg\">Este mismo a\u00f1o fue renovado en el cargo hasta finalizar su carrera como titular del\u00a0Conadeh\u00a0en 2014, tras haber pasado por los gobiernos de\u00a0Porfirio Lobo Sosa\u00a0y\u00a0Juan Orlando Hern\u00e1ndez.<\/a><\/p>\n<p><a href=\"https:\/\/hondudiario.com\/wp-content\/uploads\/2022\/11\/FhH43BBWAAUQYrT.jpg\">En sus a\u00f1os universitarios encabez\u00f3 la lucha estudiantil que logr\u00f3, junto a otros como Jorge Arturo Reina, la autonom\u00eda de la Universidad Nacional Aut\u00f3noma de Honduras.<\/a><\/p>\n<p><a href=\"https:\/\/hondudiario.com\/wp-content\/uploads\/2022\/11\/FhH43BBWAAUQYrT.jpg\">A finales de los a\u00f1os 60 del siglo pasado, se integr\u00f3 en las filas de los voluntarios civiles que ayudaron a defender a Honduras de la agresi\u00f3n militar de El Salvador en julio de 1969.<\/a><\/p>\n<p><a href=\"https:\/\/hondudiario.com\/wp-content\/uploads\/2022\/11\/FhH43BBWAAUQYrT.jpg\">Recibi\u00f3 numerosas condecoraciones y reconocimientos por su lucha, tanto a nivel nacional como internacional.<\/a><\/p>\n<p><strong>Fuente: La Tribuna<\/strong><\/p>\n","protected":false},"excerpt":{"rendered":"<p>Tegucigalpa,Honduras mi\u00e9rcoles 09 noviembre \u00a02022 El reconocido defensor de Derechos Humanos,\u00a0Ram\u00f3n Custodio L\u00f3pez, muri\u00f3 este mi\u00e9rcoles 9 de noviembre a sus 91 a\u00f1os, luego de luchar contra una larga enfermedad y dejando un legado de vida en la lucha por el pueblo hondure\u00f1o. Su intensa y apasionada defensa de los derechos humanos de los dirigentes &hellip;<\/p>\n","protected":false},"author":0,"featured_media":39993,"comment_status":"open","ping_status":"open","sticky":false,"template":"","format":"standard","meta":{"_jetpack_memberships_contains_paid_content":false,"footnotes":""},"categories":[5],"tags":[],"class_list":["post-39992","post","type-post","status-publish","format-standard","has-post-thumbnail","","category-noticias"],"jetpack_sharing_enabled":true,"jetpack_featured_media_url":"http:\/\/mickyandoniehn.com\/radio\/wp-content\/uploads\/2022\/11\/FhH43BBWAAUQYrT-69lACm.jpeg","_links":{"self":[{"href":"http:\/\/mickyandoniehn.com\/radio\/wp-json\/wp\/v2\/posts\/39992","targetHints":{"allow":["GET"]}}],"collection":[{"href":"http:\/\/mickyandoniehn.com\/radio\/wp-json\/wp\/v2\/posts"}],"about":[{"href":"http:\/\/mickyandoniehn.com\/radio\/wp-json\/wp\/v2\/types\/post"}],"replies":[{"embeddable":true,"href":"http:\/\/mickyandoniehn.com\/radio\/wp-json\/wp\/v2\/comments?post=39992"}],"version-history":[{"count":0,"href":"http:\/\/mickyandoniehn.com\/radio\/wp-json\/wp\/v2\/posts\/39992\/revisions"}],"wp:featuredmedia":[{"embeddable":true,"href":"http:\/\/mickyandoniehn.com\/radio\/wp-json\/wp\/v2\/media\/39993"}],"wp:attachment":[{"href":"http:\/\/mickyandoniehn.com\/radio\/wp-json\/wp\/v2\/media?parent=39992"}],"wp:term":[{"taxonomy":"category","embeddable":true,"href":"http:\/\/mickyandoniehn.com\/radio\/wp-json\/wp\/v2\/categories?post=39992"},{"taxonomy":"post_tag","embeddable":true,"href":"http:\/\/mickyandoniehn.com\/radio\/wp-json\/wp\/v2\/tags?post=39992"}],"curies":[{"name":"wp","href":"https:\/\/api.w.org\/{rel}","templated":true}]}}