{"id":39965,"date":"2022-11-09T09:12:48","date_gmt":"2022-11-09T15:12:48","guid":{"rendered":"https:\/\/mickyandoniehn.com\/radio\/2022\/11\/09\/vida-y-obra-del-doctor-ramon-custodio-lopez\/"},"modified":"2022-11-09T09:12:48","modified_gmt":"2022-11-09T15:12:48","slug":"vida-y-obra-del-doctor-ramon-custodio-lopez","status":"publish","type":"post","link":"http:\/\/mickyandoniehn.com\/radio\/2022\/11\/09\/vida-y-obra-del-doctor-ramon-custodio-lopez\/","title":{"rendered":"Vida y obra del doctor Ram\u00f3n Custodio L\u00f3pez"},"content":{"rendered":"<\/p>\n<p>Por Julio Vel\u00e1squez,<\/p>\n<p>Hablar de la vida y la obra human\u00edstica del doctor Ram\u00f3n Custodio L\u00f3pez, es sumergirse en la historia de centenares de acontecimiento pol\u00edticos y militares en Honduras.<\/p>\n<p>Naci\u00f3 un jueves 11 de diciembre de 1930, en Comayag\u00fcela. Hijo de don Prudencio Custodio y do\u00f1a Elisa L\u00f3pez. En una de las m\u00faltiples conversaciones que tuvimos me coment\u00f3 que, desde muy joven, siempre us\u00f3 sus dos apellidos, \u201cCustodio L\u00f3pez\u201d, lo que hizo que su madre, se sintiera orgullosa, m\u00e1s cuando empez\u00f3 a recibir reconocimientos y homenajes, mientras que el \u201cMonchito\u201d lo perdi\u00f3 cuando a su hijo le puso el mismo nombre y 3ste lo heredo ipso facto.<\/p>\n<p>En mayo de 1981 cre\u00f3, junto a otros cuatro hondure\u00f1os, el Comit\u00e9 para la Defensa de los Derechos Humanos en Honduras (Codeh), en la \u00e9poca m\u00e1s cruenta y violenta para Honduras, cuando los militares se creyeron ser seres \u201comnipotentes\u201d y se convirtieron en dadores de la vida y de la muerte.<\/p>\n<p>Pese a las m\u00faltiples amenazas y atentados de los que fue objeto, \u00e9l y su familia, nunca dud\u00f3 en salir a cualquier hora del d\u00eda o de la noche para salvar la vida de muchos hondure\u00f1os y extranjeros y enfrentarse a los militares y, a los que, desde Estados Unidos, impulsaron la Doctrina de la Seguridad Nacional, en los dif\u00edciles a\u00f1os 80 del siglo pasado, \u00e9poca de detenciones ilegales, torturas, desaparici\u00f3n de personas y asesinatos pol\u00edticos. Tiempos inseguros, en los que el apellido Custodio alentaba la esperanza de muchas personas para poder seguir viviendo.<\/p>\n<p>Cuando nadie hablaba en las plazas p\u00fablicas o en los medios de comunicaci\u00f3n para denunciar las violaciones a los derechos humanos, all\u00ed estaba el doctor Ram\u00f3n Custodio L\u00f3pez, poniendo el dedo sobre la llaga, aun y a sabiendas que corr\u00eda peligro su vida.<\/p>\n<p>En Honduras, Centroam\u00e9rica y varios pa\u00edses del mundo, se le reconoce por su lucha en la defensa y promoci\u00f3n de los derechos humanos, causa que haya defendido con pasi\u00f3n y argumentos, incluso entre amenazas de muerte hacia \u00e9l y su familia, durante muchos a\u00f1os.<\/p>\n<p>Particularmente, me considero una persona afortunada porque, gracias a dos amigos periodistas los licenciados Juan Ram\u00f3n Dur\u00e1n y Thelma Mej\u00eda, que me recomendaron, logr\u00e9 trabajar con el doctor Custodio durante casi dos d\u00e9cadas, primero en el Codeh y luego en el Comisionado Nacional de los Derechos Humanos (Conadeh).<\/p>\n<div class=\"fs-dynamic\">\n<div>\n<div>\n<div class=\"__fs-ancillary\">\n<div class=\"__fs-branding\">Cuando comenc\u00e9 a trabajar en el Codeh, mis amigos, que eran muy buenas personas, me advert\u00edan a cada rato, \u201cno trabaje all\u00ed, lo van a matar, en cualquier momento\u201d y siempre puse o\u00eddos sordos.<\/div>\n<\/div>\n<\/div>\n<\/div>\n<\/div>\n<p>Recuerdo cuando el doctor Custodio denunci\u00f3 que los polic\u00edas se quedaban con los carros que recuperaban, que eran reportados como robados. En esos d\u00edas me fueron a tirar cinco carros \u201crobados\u201d cerca de mi casa, pero, el colmo fue cuando tiraron el cad\u00e1ver de una persona asesinada. Se lo comente y me dijo \u201cesto hay que denunciarlo de inmediato\u201d. Convocamos a una conferencia de prensa y lo hizo p\u00fablico. Nunca m\u00e1s lo volvieron a hacer.<\/p>\n<p>El Codeh y su presidente, por casi dos d\u00e9cadas, el doctor Ram\u00f3n Custodio, fue una escuela en derechos humanos para muchos que tuvimos la suerte de ser parte de ese Organismo No Gubernamental.<\/p>\n<p>Siempre nos dec\u00eda que, para ser defensor de derechos humanos hay que ser como el bamb\u00fa y tener su resistencia, que se dobla ante la ira huracanada de los vientos, pero la resiste sin quebrarse; o tener la liviandad alada y levitante del barrilete, que se eleva con los vientos del desaf\u00edo y los vientos adversos.<\/p>\n<div class=\"fs-dynamic\">\n<div>\n<div>\n<div class=\"__fs-ancillary\">\n<div class=\"__fs-branding\">Tener la astucia del zorro, para no caer en la trampa que nos tienden los tramposos o el equilibrio de los gatos que, por su aparato vestibular tan especial, nadie los puede hacer caer patas arriba; o tener el sentido de orientaci\u00f3n de las aves migratorias, que vuelan grandes distancias y luego vuelven al punto donde salieron sin ver una br\u00fajula, pero sin perder nunca el rumbo.<\/div>\n<\/div>\n<\/div>\n<\/div>\n<\/div>\n<p>Tener el temple de Mois\u00e9s en el desierto, para resistir tantas tentaciones, seducciones y amenazas de los perversos y corruptos; tener el \u00e1nimo y la fuerza de cantarle a la vida y creer que el hombre no tiene, por necesidad, que ser el lobo del hombre; que se debe sentir compasi\u00f3n por el que sufre; entender a los ni\u00f1os, adolescentes, hombres y mujeres de todas las edades y clases sociales.<\/p>\n<p>Ver por los ciegos, o\u00edr por los sordos y hablar por los mudos y, sobretodo, por aquellos que teniendo el derecho de hablar y queriendo hablar no tienen ese derecho a voz ni siquiera para botar a los corruptos que sustraen y malversan los fondos del Estado, tan perversos que buscaron el poder solo para enriquecerse il\u00edcitamente.<\/p>\n<p>Gracias doctor Custodio, porque en sus actuaciones siempre vimos a un apasionado de la verdad, de la justicia y de la genuina democracia. Infinitas gracias, por ser un hombre justo, obstinado y enfrentar sin temor y con valent\u00eda las injusticias, la mentira y la impunidad.<\/p>\n<div class=\"fs-dynamic\">\n<div>\n<div>\n<div class=\"__fs-ancillary\">\n<div class=\"__fs-branding\">Me siento honrado de honrar a un hombre justo, noble y valiente, voz de los sin voz, hombre de mucha fe, un hacedor de historia y, sobre todo, un profeta, comprometido con la verdad, que siempre luch\u00f3 por la paz, defendiendo los derechos humanos y la justicia.<\/div>\n<\/div>\n<\/div>\n<\/div>\n<\/div>\n<div><\/div>\n<div>Fuente: latribuna.hn<\/div>\n","protected":false},"excerpt":{"rendered":"<p>Por Julio Vel\u00e1squez, Hablar de la vida y la obra human\u00edstica del doctor Ram\u00f3n Custodio L\u00f3pez, es sumergirse en la historia de centenares de acontecimiento pol\u00edticos y militares en Honduras. Naci\u00f3 un jueves 11 de diciembre de 1930, en Comayag\u00fcela. Hijo de don Prudencio Custodio y do\u00f1a Elisa L\u00f3pez. En una de las m\u00faltiples conversaciones &hellip;<\/p>\n","protected":false},"author":0,"featured_media":39966,"comment_status":"open","ping_status":"open","sticky":false,"template":"","format":"standard","meta":{"_jetpack_memberships_contains_paid_content":false,"footnotes":""},"categories":[5],"tags":[],"class_list":["post-39965","post","type-post","status-publish","format-standard","has-post-thumbnail","","category-noticias"],"jetpack_sharing_enabled":true,"jetpack_featured_media_url":"http:\/\/mickyandoniehn.com\/radio\/wp-content\/uploads\/2022\/11\/Captura-2-p2Chlx.jpeg","_links":{"self":[{"href":"http:\/\/mickyandoniehn.com\/radio\/wp-json\/wp\/v2\/posts\/39965","targetHints":{"allow":["GET"]}}],"collection":[{"href":"http:\/\/mickyandoniehn.com\/radio\/wp-json\/wp\/v2\/posts"}],"about":[{"href":"http:\/\/mickyandoniehn.com\/radio\/wp-json\/wp\/v2\/types\/post"}],"replies":[{"embeddable":true,"href":"http:\/\/mickyandoniehn.com\/radio\/wp-json\/wp\/v2\/comments?post=39965"}],"version-history":[{"count":0,"href":"http:\/\/mickyandoniehn.com\/radio\/wp-json\/wp\/v2\/posts\/39965\/revisions"}],"wp:featuredmedia":[{"embeddable":true,"href":"http:\/\/mickyandoniehn.com\/radio\/wp-json\/wp\/v2\/media\/39966"}],"wp:attachment":[{"href":"http:\/\/mickyandoniehn.com\/radio\/wp-json\/wp\/v2\/media?parent=39965"}],"wp:term":[{"taxonomy":"category","embeddable":true,"href":"http:\/\/mickyandoniehn.com\/radio\/wp-json\/wp\/v2\/categories?post=39965"},{"taxonomy":"post_tag","embeddable":true,"href":"http:\/\/mickyandoniehn.com\/radio\/wp-json\/wp\/v2\/tags?post=39965"}],"curies":[{"name":"wp","href":"https:\/\/api.w.org\/{rel}","templated":true}]}}