{"id":39949,"date":"2022-11-09T08:12:37","date_gmt":"2022-11-09T14:12:37","guid":{"rendered":"http:\/\/mickyandoniehn.com\/radio\/2022\/11\/09\/honduras-importa-frijol-desde-nicaragua-para-garantizar-abastecimiento\/"},"modified":"2022-11-09T08:12:37","modified_gmt":"2022-11-09T14:12:37","slug":"honduras-importa-frijol-desde-nicaragua-para-garantizar-abastecimiento","status":"publish","type":"post","link":"http:\/\/mickyandoniehn.com\/radio\/2022\/11\/09\/honduras-importa-frijol-desde-nicaragua-para-garantizar-abastecimiento\/","title":{"rendered":"Honduras importa frijol desde Nicaragua para garantizar abastecimiento"},"content":{"rendered":"<p><strong>Tegucigalpa,Honduras mi\u00e9rcoles 09 noviembre \u00a02022<\/strong><\/p>\n<\/p>\n<p>El gerente del Instituto Hondure\u00f1o de Mercadeo Agr\u00edcola (IHMA), Hern\u00e1n \u00c1vila, inform\u00f3 que se import\u00f3 un total de 2 mil quintales de frijoles, con el objetivo de garantizar la alimentaci\u00f3n nacional.<\/p>\n<p>El lunes ingresar\u00e1n a los almacenes del IHMA dos mil quintales m\u00e1s del grano b\u00e1sico, pero de la cosecha nacional, con lo que la reserva llega a 16 mil quintales, detall\u00f3 el funcionario.<\/p>\n<p>Si bien el abastecimiento no ha sido el problema, el alto costo del grano b\u00e1sico s\u00ed lo es, ya que se ha limitado su consumo a causa del alto costo.<\/p>\n<p>Actualmente una medida de frijoles en los mercados y ferias populares del pa\u00eds se cotiza por 105 lempiras, 15 m\u00e1s que en las \u00faltimas dos semanas.<\/p>\n<p>No obstante, las autoridades defienden que existe suficiente abastecimiento y que el precio sugerido por medida (cinco libras) es de 75 lempiras.<\/p>\n<p><a href=\"https:\/\/hondudiario.com\/wp-content\/uploads\/2021\/12\/WhatsApp-Image-2021-12-09-at-2.15.41-PM.jpeg\">\u00c1vila explic\u00f3 que el plan con la compra del grano por parte del gobierno es abastecer a los mercados para que respeten el precio sugerido.<\/a><\/p>\n<p><a href=\"https:\/\/hondudiario.com\/wp-content\/uploads\/2021\/12\/WhatsApp-Image-2021-12-09-at-2.15.41-PM.jpeg\">Adem\u00e1s, acept\u00f3 que existe acaparamiento y especulaci\u00f3n con el precio del grano b\u00e1sico a nivel nacional.<\/a><\/p>\n<p><a href=\"https:\/\/hondudiario.com\/wp-content\/uploads\/2021\/12\/WhatsApp-Image-2021-12-09-at-2.15.41-PM.jpeg\">Con base en lo anterior, se ven obligados a actuar y por ello buscan abastecer los mercados nacionales.<\/a><\/p>\n<p><a href=\"https:\/\/hondudiario.com\/wp-content\/uploads\/2021\/12\/WhatsApp-Image-2021-12-09-at-2.15.41-PM.jpeg\">El gerente del IHMA defendi\u00f3 que existe suficiente existencia para garantizar el consumo nacional hasta final de a\u00f1o, ya que a finales de noviembre se preparan para la cosecha de postrera y tambi\u00e9n para comprar la misma.<\/a><\/p>\n<p><strong>Fuente: La Tribuna<\/strong><\/p>\n","protected":false},"excerpt":{"rendered":"<p>Tegucigalpa,Honduras mi\u00e9rcoles 09 noviembre \u00a02022 El gerente del Instituto Hondure\u00f1o de Mercadeo Agr\u00edcola (IHMA), Hern\u00e1n \u00c1vila, inform\u00f3 que se import\u00f3 un total de 2 mil quintales de frijoles, con el objetivo de garantizar la alimentaci\u00f3n nacional. El lunes ingresar\u00e1n a los almacenes del IHMA dos mil quintales m\u00e1s del grano b\u00e1sico, pero de la cosecha &hellip;<\/p>\n","protected":false},"author":0,"featured_media":39950,"comment_status":"open","ping_status":"open","sticky":false,"template":"","format":"standard","meta":{"_jetpack_memberships_contains_paid_content":false,"footnotes":""},"categories":[5],"tags":[],"class_list":["post-39949","post","type-post","status-publish","format-standard","has-post-thumbnail","","category-noticias"],"jetpack_sharing_enabled":true,"jetpack_featured_media_url":"http:\/\/mickyandoniehn.com\/radio\/wp-content\/uploads\/2022\/11\/WhatsApp-Image-2021-12-09-at-2.15.41-PM-6YlRH7.jpeg","_links":{"self":[{"href":"http:\/\/mickyandoniehn.com\/radio\/wp-json\/wp\/v2\/posts\/39949","targetHints":{"allow":["GET"]}}],"collection":[{"href":"http:\/\/mickyandoniehn.com\/radio\/wp-json\/wp\/v2\/posts"}],"about":[{"href":"http:\/\/mickyandoniehn.com\/radio\/wp-json\/wp\/v2\/types\/post"}],"replies":[{"embeddable":true,"href":"http:\/\/mickyandoniehn.com\/radio\/wp-json\/wp\/v2\/comments?post=39949"}],"version-history":[{"count":0,"href":"http:\/\/mickyandoniehn.com\/radio\/wp-json\/wp\/v2\/posts\/39949\/revisions"}],"wp:featuredmedia":[{"embeddable":true,"href":"http:\/\/mickyandoniehn.com\/radio\/wp-json\/wp\/v2\/media\/39950"}],"wp:attachment":[{"href":"http:\/\/mickyandoniehn.com\/radio\/wp-json\/wp\/v2\/media?parent=39949"}],"wp:term":[{"taxonomy":"category","embeddable":true,"href":"http:\/\/mickyandoniehn.com\/radio\/wp-json\/wp\/v2\/categories?post=39949"},{"taxonomy":"post_tag","embeddable":true,"href":"http:\/\/mickyandoniehn.com\/radio\/wp-json\/wp\/v2\/tags?post=39949"}],"curies":[{"name":"wp","href":"https:\/\/api.w.org\/{rel}","templated":true}]}}