{"id":39945,"date":"2022-11-09T08:12:36","date_gmt":"2022-11-09T14:12:36","guid":{"rendered":"http:\/\/mickyandoniehn.com\/radio\/2022\/11\/09\/los-iphone-14-pro-y-pro-max-tardaran-en-volver-a-estar-disponibles-por-que\/"},"modified":"2022-11-09T08:12:36","modified_gmt":"2022-11-09T14:12:36","slug":"los-iphone-14-pro-y-pro-max-tardaran-en-volver-a-estar-disponibles-por-que","status":"publish","type":"post","link":"http:\/\/mickyandoniehn.com\/radio\/2022\/11\/09\/los-iphone-14-pro-y-pro-max-tardaran-en-volver-a-estar-disponibles-por-que\/","title":{"rendered":"Los iPhone 14 Pro y Pro Max tardar\u00e1n en volver a estar disponibles \u00bfpor qu\u00e9?"},"content":{"rendered":"<p>\u00a0<\/p>\n<\/p>\n<p>Que el iPhone 14 es uno de los tel\u00e9fonos m\u00e1s potentes del mercado actual es una obviedad. Todo el mundo sabe que la compa\u00f1\u00eda de Cupertino tiene en las estanter\u00edas de las tiendas de electr\u00f3nicos un buen producto, pero lo cierto es que los estamentos m\u00e1s fuertes de la casa tienen un problema con el que lidiar ya que <strong>los iPhone 14 Pro y Pro Max tardar\u00e1n en volver a estar disponibles.<\/strong><\/p>\n<h3>Tendr\u00e1s suerte si encuentras un iPhone 14 Pro Pro Max<\/h3>\n<p>Llevamos unos dos a\u00f1os en los que estamos viendo problemas en muchos mercados. La guerra reciente entre Rusia y Ucrania est\u00e1 provocando un problema de desabastecimiento de cereal, por no hablar de una creciente necesidad energ\u00e9tica que ha provocado graves estragos en los precios de la electricidad y el petr\u00f3leo. Pero vamos un poco m\u00e1s atr\u00e1s, cuando durante unos meses nadie pod\u00eda salir a la calle a menos que fuera preciso.<\/p>\n<div><\/div>\n<p>La vida no nos ha sonre\u00eddo mucho desde entonces, \u00bfverdad?. Por lo menos ya puedes ir a cualquier sitio sin necesidad de llevar la mascarilla, pero lo cierto es que hay sitios donde esta medida sigue algo m\u00e1s que vigente. Y es que esto est\u00e1 directamente relacionado con un comunicado que la propia\u00a0<strong>Apple ha lanzado para informar del suministro de los\u00a0<a href=\"https:\/\/as.com\/meristation\/2022\/09\/07\/betech\/1662576113_815799.html\">iPhone 14 Pro y Pro Max.<\/a><\/strong><\/p>\n<div class=\"s-pr\"><\/div>\n<p class=\"txt-img-art\">\n<p>Los dos dispositivos son lo m\u00e1s top de la compa\u00f1\u00eda en estos momentos, pero parece que Apple est\u00e1 teniendo problemas para reponer sus tel\u00e9fonos. Para entender el problema tenemos que irnos\u00a0<strong>nada menos que a China, donde la compa\u00f1\u00eda californiana tiene sus f\u00e1bricas de ensamblaje.<\/strong>\u00a0Resulta que, por lo que\u00a0<a href=\"https:\/\/www.apple.com\/newsroom\/2022\/11\/update-on-supply-of-iphone-14-pro-and-iphone-14-pro-max\/\">cuenta el informe<\/a>, \u201c<strong>las restricciones por el COVID-19 han afectado temporalmente a la planta de ensamblaje principal del iPhone 14 Pro y el iPhone 14 Pro Max ubicada en Zhengzhou, China.\u201d<\/strong><\/p>\n<p>Recordemos que el gigante asi\u00e1tico contin\u00faa con medidas muy severas en lo que a control de la enfermedad se refiere, tanto que ha llegado a confinar ciudades enteras hasta el punto de anunciar por drones que salir de casa estaba penado con la c\u00e1rcel. Apple ha continuado expresando su preocupaci\u00f3n por la situaci\u00f3n de sus trabajadores, diciendo que\u00a0<strong>\u201ccomo lo hemos hecho durante la pandemia de COVID-19, estamos priorizando la salud y la seguridad de los trabajadores en nuestra cadena de suministro.\u201d<\/strong><\/p>\n<h3>\u00bfCu\u00e1ndo volver\u00e1n a estar disponibles?<\/h3>\n<p>Lo cierto es que Apple no ha adelantado nada en lo que a tiempos de espera se refiere. Todo apunta a que los pedidos de los iPhone 14 Pro y Pro Max contin\u00faan, pero al hacerlo parece m\u00e1s una reserva que una compra a causa de este problema. Es por eso que algunos reciban su terminal para estas Navidades si es que lo ten\u00edan ya comprado o de lo contrario lo recibir\u00e1n ya casi en 2023.<\/p>\n<p><strong>Fuente: as.com<\/strong><\/p>\n","protected":false},"excerpt":{"rendered":"<p>\u00a0 Que el iPhone 14 es uno de los tel\u00e9fonos m\u00e1s potentes del mercado actual es una obviedad. Todo el mundo sabe que la compa\u00f1\u00eda de Cupertino tiene en las estanter\u00edas de las tiendas de electr\u00f3nicos un buen producto, pero lo cierto es que los estamentos m\u00e1s fuertes de la casa tienen un problema con &hellip;<\/p>\n","protected":false},"author":0,"featured_media":39946,"comment_status":"open","ping_status":"open","sticky":false,"template":"","format":"standard","meta":{"_jetpack_memberships_contains_paid_content":false,"footnotes":""},"categories":[5],"tags":[],"class_list":["post-39945","post","type-post","status-publish","format-standard","has-post-thumbnail","","category-noticias"],"jetpack_sharing_enabled":true,"jetpack_featured_media_url":"http:\/\/mickyandoniehn.com\/radio\/wp-content\/uploads\/2022\/11\/1667840899_702519_1667841084_noticia_normal_recorte1-Mdu9MJ.jpeg","_links":{"self":[{"href":"http:\/\/mickyandoniehn.com\/radio\/wp-json\/wp\/v2\/posts\/39945","targetHints":{"allow":["GET"]}}],"collection":[{"href":"http:\/\/mickyandoniehn.com\/radio\/wp-json\/wp\/v2\/posts"}],"about":[{"href":"http:\/\/mickyandoniehn.com\/radio\/wp-json\/wp\/v2\/types\/post"}],"replies":[{"embeddable":true,"href":"http:\/\/mickyandoniehn.com\/radio\/wp-json\/wp\/v2\/comments?post=39945"}],"version-history":[{"count":0,"href":"http:\/\/mickyandoniehn.com\/radio\/wp-json\/wp\/v2\/posts\/39945\/revisions"}],"wp:featuredmedia":[{"embeddable":true,"href":"http:\/\/mickyandoniehn.com\/radio\/wp-json\/wp\/v2\/media\/39946"}],"wp:attachment":[{"href":"http:\/\/mickyandoniehn.com\/radio\/wp-json\/wp\/v2\/media?parent=39945"}],"wp:term":[{"taxonomy":"category","embeddable":true,"href":"http:\/\/mickyandoniehn.com\/radio\/wp-json\/wp\/v2\/categories?post=39945"},{"taxonomy":"post_tag","embeddable":true,"href":"http:\/\/mickyandoniehn.com\/radio\/wp-json\/wp\/v2\/tags?post=39945"}],"curies":[{"name":"wp","href":"https:\/\/api.w.org\/{rel}","templated":true}]}}