{"id":39939,"date":"2022-11-09T07:12:39","date_gmt":"2022-11-09T13:12:39","guid":{"rendered":"http:\/\/mickyandoniehn.com\/radio\/2022\/11\/09\/exsecretario-cisneros-dice-que-economia-de-eeuu-dependera-mas-de-los-latinos\/"},"modified":"2022-11-09T07:12:39","modified_gmt":"2022-11-09T13:12:39","slug":"exsecretario-cisneros-dice-que-economia-de-eeuu-dependera-mas-de-los-latinos","status":"publish","type":"post","link":"http:\/\/mickyandoniehn.com\/radio\/2022\/11\/09\/exsecretario-cisneros-dice-que-economia-de-eeuu-dependera-mas-de-los-latinos\/","title":{"rendered":"Exsecretario Cisneros dice que econom\u00eda de EEUU depender\u00e1 m\u00e1s de los latinos"},"content":{"rendered":"<p><strong>Tegucigalpa,Honduras mi\u00e9rcoles 09 noviembre \u00a02022<\/strong><\/p>\n<\/p>\n<p>El exsecretario de Vivienda de EE.UU. Henry Cisneros cree que ha llegado el momento en que va a \u00abcambiar todo\u00bb para los hispanos en EE.UU. no solo porque es la comunidad que m\u00e1s crece demogr\u00e1ficamente sino porque tiene unas ganas de prosperar que ha perdido el resto de la poblaci\u00f3n.<\/p>\n<p>\u00abEl futuro de este pa\u00eds y el futuro econ\u00f3mico de este pa\u00eds dependen en mayor parte de c\u00f3mo le va a la comunidad latina, eso simplemente es una realidad\u00bb, asegura Cisneros, de origen mexicano.<\/p>\n<p>Agreg\u00f3 que hay \u00abuna proyecci\u00f3n tremenda de la comunidad latina por todo el pa\u00eds en posiciones de liderazgo, en la pol\u00edtica, en corporaciones\u00bb.<\/p>\n<p>El dem\u00f3crata reconoci\u00f3 que los hispanos no han podido cumplir todos los retos que se han propuesto hasta el momento, pero que los 100 millones que ser\u00e1n en 2024 los har\u00e1 \u00abgran parte del mercado\u00bb.<\/p>\n<p>\u00abVamos a ser el 25 % de la poblaci\u00f3n en unos cuantos a\u00f1os, pero m\u00e1s importante, el 50 % del crecimiento. Otras poblaciones no est\u00e1n creciendo como la nuestra, y muchas de las din\u00e1micas de este pa\u00eds dependen del crecimiento y eso es la manera de una econom\u00eda capitalista\u00bb, enfatiz\u00f3.<\/p>\n<h2><strong>CREADORES DE FAMILIAS<\/strong><\/h2>\n<p>El que fuera secretario de Vivienda durante la administraci\u00f3n del presidente Bill Clinton (1993-2001) dijo que un gran porcentaje de la industria de bienes ra\u00edces \u00abva a ser dependiente\u00bb de los latinos porque ellos son los que van a crear familias.<\/p>\n<p>Sobre la resistencia en el pa\u00eds hacia esta comunidad dijo que de nada valdr\u00e1 porque los n\u00fameros no mienten, \u00abesa reacci\u00f3n no va a cambiar la realidad (\u2026) el pa\u00eds tiene que reconocer, entender y apreciar esa realidad\u00bb.<\/p>\n<p>Actualmente los latinos son unos 62 millones y tienen un poder adquisitivo de 2,8 billones (millones de millones) de d\u00f3lares, lo cual equivaldr\u00eda a la quinta econom\u00eda del mundo si fueran un pa\u00eds.<\/p>\n<p>\u00abVamos a ser gran parte del mercado, tenemos m\u00e1s j\u00f3venes en escuelas y en universidades que nunca, avanzando a carreras\u00bb, insisti\u00f3 el l\u00edder hispano.<\/p>\n<p>Sin embargo, el exsecretario lament\u00f3 que existe una brecha muy grande entre la tasa de propiedad de vivienda de hispanos (45 %) y la de los anglosajones (72 %).<\/p>\n<p>\u00abSomos una poblaci\u00f3n que quiere ser due\u00f1a de nuestras casas, eso parte de nuestra psicolog\u00eda, queremos ser parte del pa\u00eds\u00bb, explic\u00f3.<\/p>\n<p>Subray\u00f3 que Estados Unidos enfrenta un \u00abgran problema\u00bb de vivienda debido a la inflaci\u00f3n y la falta de oferta de vivienda.<\/p>\n<p>Se\u00f1al\u00f3 que se necesita no solo aumentar la construcci\u00f3n de vivienda sino de los programas de asistencia de vivienda social.<\/p>\n<h2><strong>LA \u00abSUBCLASE\u00bb DE PERSONAS<\/strong><\/h2>\n<p>Cisneros, quien vive en San Antonio (Texas), donde fue alcalde, \u00a0critic\u00f3 \u00abel juego pol\u00edtico\u00bb del gobernador Greg Abbott y de otros republicanos de enviar migrantes en autobuses a estados del norte y con gobiernos dem\u00f3cratas. \u00abNo sirve para ning\u00fan prop\u00f3sito\u00bb, dijo.<\/p>\n<p>Subray\u00f3 que el pa\u00eds necesita una pol\u00edtica migratoria que incluya legalizar a los inmigrantes que ya est\u00e1n aqu\u00ed porque \u00abno queremos tener una subclase de persona porque no reconocemos que ya est\u00e1n trabajando y contribuyendo\u00bb y adem\u00e1s no se van a ir.<\/p>\n<p>Se\u00f1al\u00f3 que adem\u00e1s se requiere de una revisi\u00f3n completa de c\u00f3mo el gobierno va a cooperar con Latinoam\u00e9rica para que sus ciudadanos no tengan que migrar, pues hasta el momento no han sido efectivas esas pol\u00edticas.<\/p>\n<p>Por otro lado, a dos semanas de las elecciones, el dem\u00f3crata hizo un llamado a los latinos a \u00abvotar en su inter\u00e9s\u00bb y urgi\u00f3 a hacerlo especialmente en Arizona y Nevada, estados de gran poblaci\u00f3n hispana y donde pueden marcar la diferencia.<\/p>\n<p>\u00abEn esos estados, donde depende el resultado para todo el pa\u00eds del Senado, depende del voto de latinos\u00bb, indic\u00f3.<\/p>\n<p>Record\u00f3 que este a\u00f1o Arizona, Nevada, Georgia y Pensilvania pueden definir la mayor\u00eda en el Senado.<\/p>\n<p>\u00abLa pol\u00edtica debe de ser algo muy personal porque ah\u00ed resulta la educaci\u00f3n de nuestros ni\u00f1os, nuestros sueldos y trabajos, la fuerza de la econom\u00eda\u00bb, record\u00f3 y se mostr\u00f3 optimista del rumbo de los latinos en el pa\u00eds.<\/p>\n<p>\u00abVeo gente inteligente, que tiene ambici\u00f3n y que no va a parar. Tienen hambre para mejorar su vida y la vida de su familia y su comunidad, y yo creo eso es un elemento que en este pa\u00eds falta mucho, est\u00e1n cansados y desesperados\u00bb, indic\u00f3 Cisneros.<\/p>\n<p><strong>Fuente: La Tribuna<\/strong><\/p>\n","protected":false},"excerpt":{"rendered":"<p>Tegucigalpa,Honduras mi\u00e9rcoles 09 noviembre \u00a02022 El exsecretario de Vivienda de EE.UU. Henry Cisneros cree que ha llegado el momento en que va a \u00abcambiar todo\u00bb para los hispanos en EE.UU. no solo porque es la comunidad que m\u00e1s crece demogr\u00e1ficamente sino porque tiene unas ganas de prosperar que ha perdido el resto de la poblaci\u00f3n. &hellip;<\/p>\n","protected":false},"author":0,"featured_media":39940,"comment_status":"open","ping_status":"open","sticky":false,"template":"","format":"standard","meta":{"_jetpack_memberships_contains_paid_content":false,"footnotes":""},"categories":[5],"tags":[],"class_list":["post-39939","post","type-post","status-publish","format-standard","has-post-thumbnail","","category-noticias"],"jetpack_sharing_enabled":true,"jetpack_featured_media_url":"http:\/\/mickyandoniehn.com\/radio\/wp-content\/uploads\/2022\/11\/economia-eeuu-696x433-1-rGApfa.jpeg","_links":{"self":[{"href":"http:\/\/mickyandoniehn.com\/radio\/wp-json\/wp\/v2\/posts\/39939","targetHints":{"allow":["GET"]}}],"collection":[{"href":"http:\/\/mickyandoniehn.com\/radio\/wp-json\/wp\/v2\/posts"}],"about":[{"href":"http:\/\/mickyandoniehn.com\/radio\/wp-json\/wp\/v2\/types\/post"}],"replies":[{"embeddable":true,"href":"http:\/\/mickyandoniehn.com\/radio\/wp-json\/wp\/v2\/comments?post=39939"}],"version-history":[{"count":0,"href":"http:\/\/mickyandoniehn.com\/radio\/wp-json\/wp\/v2\/posts\/39939\/revisions"}],"wp:featuredmedia":[{"embeddable":true,"href":"http:\/\/mickyandoniehn.com\/radio\/wp-json\/wp\/v2\/media\/39940"}],"wp:attachment":[{"href":"http:\/\/mickyandoniehn.com\/radio\/wp-json\/wp\/v2\/media?parent=39939"}],"wp:term":[{"taxonomy":"category","embeddable":true,"href":"http:\/\/mickyandoniehn.com\/radio\/wp-json\/wp\/v2\/categories?post=39939"},{"taxonomy":"post_tag","embeddable":true,"href":"http:\/\/mickyandoniehn.com\/radio\/wp-json\/wp\/v2\/tags?post=39939"}],"curies":[{"name":"wp","href":"https:\/\/api.w.org\/{rel}","templated":true}]}}