{"id":39937,"date":"2022-11-09T07:12:39","date_gmt":"2022-11-09T13:12:39","guid":{"rendered":"http:\/\/mickyandoniehn.com\/radio\/2022\/11\/09\/pueden-las-familias-sobrevivir-con-3-mil-lempiras-cuestiona-economista\/"},"modified":"2022-11-09T07:12:39","modified_gmt":"2022-11-09T13:12:39","slug":"pueden-las-familias-sobrevivir-con-3-mil-lempiras-cuestiona-economista","status":"publish","type":"post","link":"http:\/\/mickyandoniehn.com\/radio\/2022\/11\/09\/pueden-las-familias-sobrevivir-con-3-mil-lempiras-cuestiona-economista\/","title":{"rendered":"Pueden las familias sobrevivir con 3 mil lempiras, cuestiona economista"},"content":{"rendered":"<p><strong>Tegucigalpa,Honduras mi\u00e9rcoles 09 noviembre \u00a02022<\/strong><\/p>\n<\/p>\n<p>Para reducir la pobreza se necesita invertir en educaci\u00f3n y salud, no en bonos, porque las familias necesitan recursos para sobrevivir, manifest\u00f3 el economista Nelson \u00c1vila.<\/p>\n<p>De acuerdo con el economista y politico la pandemia por COVID-19 aceler\u00f3 la pobreza, y actualmente la mayor\u00eda de hondure\u00f1os viven con 3 mil lempiras al mes y la pregunta es si \u00bfpueden sobrevivir con esa cantidad de ingresos las familias hondure\u00f1as?<\/p>\n<p>La mayor\u00eda de hondure\u00f1os gana salario m\u00ednimo el cual no ajusta ni para la canasta b\u00e1sica que cada d\u00eda sube, por lo que la poblaci\u00f3n pierde el poder adquisitivo y se agudiza la pobreza.<\/p>\n<p>En ese sentido \u00c1vila, remarca que para reducir la pobreza en Honduras se tiene que invertir en calidad y cobertura de educaci\u00f3n, salud y seguridad.<\/p>\n<p>No obstante, \u201clo que han hecho los gobiernos es crear programas para dar bonos y eso no reduce la pobreza\u201d, a\u00f1adi\u00f3.<\/p>\n<p>Seguidamente, refiri\u00f3 que Honduras es el peor de los pa\u00edses con la distribuci\u00f3n de los ingresos y bajo estas razones el pa\u00eds antes de la pandemia ya ten\u00eda estos indicadores de ocupar los primeros lugares en pobreza de Am\u00e9rica Latina.<\/p>\n<p>Lo anterior se debe a que la pobreza en Honduras es estructural, por el mal funcionamiento del modelo pol\u00edtico, puntualiz\u00f3.<\/p>\n<p><strong>Fuente: La Tribuna<\/strong><\/p>\n","protected":false},"excerpt":{"rendered":"<p>Tegucigalpa,Honduras mi\u00e9rcoles 09 noviembre \u00a02022 Para reducir la pobreza se necesita invertir en educaci\u00f3n y salud, no en bonos, porque las familias necesitan recursos para sobrevivir, manifest\u00f3 el economista Nelson \u00c1vila. De acuerdo con el economista y politico la pandemia por COVID-19 aceler\u00f3 la pobreza, y actualmente la mayor\u00eda de hondure\u00f1os viven con 3 mil &hellip;<\/p>\n","protected":false},"author":0,"featured_media":39938,"comment_status":"open","ping_status":"open","sticky":false,"template":"","format":"standard","meta":{"_jetpack_memberships_contains_paid_content":false,"footnotes":""},"categories":[5],"tags":[],"class_list":["post-39937","post","type-post","status-publish","format-standard","has-post-thumbnail","","category-noticias"],"jetpack_sharing_enabled":true,"jetpack_featured_media_url":"http:\/\/mickyandoniehn.com\/radio\/wp-content\/uploads\/2022\/11\/Nelson-Avila-696x430-1-VOfHn5.jpeg","_links":{"self":[{"href":"http:\/\/mickyandoniehn.com\/radio\/wp-json\/wp\/v2\/posts\/39937","targetHints":{"allow":["GET"]}}],"collection":[{"href":"http:\/\/mickyandoniehn.com\/radio\/wp-json\/wp\/v2\/posts"}],"about":[{"href":"http:\/\/mickyandoniehn.com\/radio\/wp-json\/wp\/v2\/types\/post"}],"replies":[{"embeddable":true,"href":"http:\/\/mickyandoniehn.com\/radio\/wp-json\/wp\/v2\/comments?post=39937"}],"version-history":[{"count":0,"href":"http:\/\/mickyandoniehn.com\/radio\/wp-json\/wp\/v2\/posts\/39937\/revisions"}],"wp:featuredmedia":[{"embeddable":true,"href":"http:\/\/mickyandoniehn.com\/radio\/wp-json\/wp\/v2\/media\/39938"}],"wp:attachment":[{"href":"http:\/\/mickyandoniehn.com\/radio\/wp-json\/wp\/v2\/media?parent=39937"}],"wp:term":[{"taxonomy":"category","embeddable":true,"href":"http:\/\/mickyandoniehn.com\/radio\/wp-json\/wp\/v2\/categories?post=39937"},{"taxonomy":"post_tag","embeddable":true,"href":"http:\/\/mickyandoniehn.com\/radio\/wp-json\/wp\/v2\/tags?post=39937"}],"curies":[{"name":"wp","href":"https:\/\/api.w.org\/{rel}","templated":true}]}}