{"id":39933,"date":"2022-11-09T07:12:36","date_gmt":"2022-11-09T13:12:36","guid":{"rendered":"http:\/\/mickyandoniehn.com\/radio\/2022\/11\/09\/ucrania-preve-nuevos-ataques-rusos-y-se-prepara-para-responder\/"},"modified":"2022-11-09T07:12:36","modified_gmt":"2022-11-09T13:12:36","slug":"ucrania-preve-nuevos-ataques-rusos-y-se-prepara-para-responder","status":"publish","type":"post","link":"http:\/\/mickyandoniehn.com\/radio\/2022\/11\/09\/ucrania-preve-nuevos-ataques-rusos-y-se-prepara-para-responder\/","title":{"rendered":"Ucrania prev\u00e9 nuevos ataques rusos y se prepara para responder"},"content":{"rendered":"<p><strong>Tegucigalpa,Honduras mi\u00e9rcoles 09 noviembre \u00a02022<\/strong><\/p>\n<\/p>\n<p>El presidente de\u00a0Ucrania,\u00a0Volod\u00edmir Zelenski, ha asegurado que\u00a0Rusia\u00a0est\u00e1\u00a0concentrando fuerzas y medios\u00a0para \u201cuna posible repetici\u00f3n\u201d de los ataques masivos a la infraestructura ucraniana, pero ha advertido: \u201cNos estamos preparando para responder\u201d.<\/p>\n<p>En su habitual discurso nocturno difundido en las redes, Zelenski asegur\u00f3 asimismo que los rusos volvieron a utilizar este domingo\u00a0drones de ataque iran\u00edes,\u00a0y que, aunque se han derribado algunos, \u201ctambi\u00e9n hay aciertos\u201d.<\/p>\n<p>La utilizaci\u00f3n de los drones iran\u00edes fue aludida precisamente este mismo domingo en la conversaci\u00f3n que mantuvo la presidente de la Comisi\u00f3n Europea,\u00a0Ursula von der Leyen, con el mandatario ucraniano, quien afirm\u00f3 que todo el mundo tiene que saber que\u00a0el r\u00e9gimen iran\u00ed \u201cayuda a Rusia a prolongar la guerra\u201d.\u00a0\u201cSi no fuera por el suministro iran\u00ed de armas al agresor, ahora estar\u00edamos m\u00e1s cerca de la paz\u201d, dijo.<\/p>\n<p>El presidente ucraniano indic\u00f3 tambi\u00e9n que\u00a0contin\u00faan los \u201cferoces ataques rusos\u201d\u00a0en la regi\u00f3n de\u00a0Donetsk, donde Rusia sufre graves p\u00e9rdidas.<\/p>\n<p>Zelenski afirm\u00f3 tambi\u00e9n que\u00a0\u201cni un solo portaaviones Kalibr\u201d ha entrado en combate\u00a0en el Mar Negro, lo cual es un \u201cresultado significativo\u201d de las fuerzas ucranianas.<\/p>\n<p>\u201cCuanto m\u00e1s peque\u00f1a es la flota rusa del Mar Negro, m\u00e1s seguro est\u00e1 el Mar Negro. Y definitivamente habr\u00e1 un d\u00eda en que anunciaremos que hemos brindado a Ucrania\u00a0protecci\u00f3n total contra la amenaza rusa,\u00a0tanto en el mar como en el cielo. Estoy seguro de eso\u201d, ha dicho.<\/p>\n<p><strong>Fuente: La Tribuna<\/strong><\/p>\n<div class=\"sharedaddy sd-sharing-enabled\"><\/div>\n","protected":false},"excerpt":{"rendered":"<p>Tegucigalpa,Honduras mi\u00e9rcoles 09 noviembre \u00a02022 El presidente de\u00a0Ucrania,\u00a0Volod\u00edmir Zelenski, ha asegurado que\u00a0Rusia\u00a0est\u00e1\u00a0concentrando fuerzas y medios\u00a0para \u201cuna posible repetici\u00f3n\u201d de los ataques masivos a la infraestructura ucraniana, pero ha advertido: \u201cNos estamos preparando para responder\u201d. En su habitual discurso nocturno difundido en las redes, Zelenski asegur\u00f3 asimismo que los rusos volvieron a utilizar este domingo\u00a0drones de &hellip;<\/p>\n","protected":false},"author":0,"featured_media":39934,"comment_status":"open","ping_status":"open","sticky":false,"template":"","format":"standard","meta":{"_jetpack_memberships_contains_paid_content":false,"footnotes":""},"categories":[5],"tags":[],"class_list":["post-39933","post","type-post","status-publish","format-standard","has-post-thumbnail","","category-noticias"],"jetpack_sharing_enabled":true,"jetpack_featured_media_url":"http:\/\/mickyandoniehn.com\/radio\/wp-content\/uploads\/2022\/11\/UCRANIA-BAJO-ATAQUE-ciElli.png","_links":{"self":[{"href":"http:\/\/mickyandoniehn.com\/radio\/wp-json\/wp\/v2\/posts\/39933","targetHints":{"allow":["GET"]}}],"collection":[{"href":"http:\/\/mickyandoniehn.com\/radio\/wp-json\/wp\/v2\/posts"}],"about":[{"href":"http:\/\/mickyandoniehn.com\/radio\/wp-json\/wp\/v2\/types\/post"}],"replies":[{"embeddable":true,"href":"http:\/\/mickyandoniehn.com\/radio\/wp-json\/wp\/v2\/comments?post=39933"}],"version-history":[{"count":0,"href":"http:\/\/mickyandoniehn.com\/radio\/wp-json\/wp\/v2\/posts\/39933\/revisions"}],"wp:featuredmedia":[{"embeddable":true,"href":"http:\/\/mickyandoniehn.com\/radio\/wp-json\/wp\/v2\/media\/39934"}],"wp:attachment":[{"href":"http:\/\/mickyandoniehn.com\/radio\/wp-json\/wp\/v2\/media?parent=39933"}],"wp:term":[{"taxonomy":"category","embeddable":true,"href":"http:\/\/mickyandoniehn.com\/radio\/wp-json\/wp\/v2\/categories?post=39933"},{"taxonomy":"post_tag","embeddable":true,"href":"http:\/\/mickyandoniehn.com\/radio\/wp-json\/wp\/v2\/tags?post=39933"}],"curies":[{"name":"wp","href":"https:\/\/api.w.org\/{rel}","templated":true}]}}