{"id":39929,"date":"2022-11-09T07:12:34","date_gmt":"2022-11-09T13:12:34","guid":{"rendered":"http:\/\/mickyandoniehn.com\/radio\/2022\/11\/09\/meta-anuncia-el-despido-de-mas-de-11-000-trabajadores\/"},"modified":"2022-11-09T07:12:34","modified_gmt":"2022-11-09T13:12:34","slug":"meta-anuncia-el-despido-de-mas-de-11-000-trabajadores","status":"publish","type":"post","link":"http:\/\/mickyandoniehn.com\/radio\/2022\/11\/09\/meta-anuncia-el-despido-de-mas-de-11-000-trabajadores\/","title":{"rendered":"Meta anuncia el despido de m\u00e1s de 11.000 trabajadores"},"content":{"rendered":"<\/p>\n<p>\u00a0<\/p>\n<p>Se ve\u00eda venir.\u00a0<strong>Meta acaba de confirmar el despido de m\u00e1s de 11.000 empleados<\/strong>, cifra que representa el 13% de su staff. La noticia se conoci\u00f3 a trav\u00e9s de un mensaje enviado por Mark Zuckerberg a los trabajadores de su compa\u00f1\u00eda,\u00a0<a href=\"https:\/\/about.fb.com\/news\/2022\/11\/mark-zuckerberg-layoff-message-to-employees\/\">que se replic\u00f3 en el blog oficial<\/a>.<\/p>\n<p>Desde comienzos de la semana se aguardaba por esta determinaci\u00f3n. El lunes,\u00a0<em>The Wall Street Journal<\/em>\u00a0hab\u00eda reportado que la firma de Menlo Park\u00a0<a href=\"https:\/\/hipertextual.com\/2022\/11\/meta-prepara-la-mayor-ola-de-despidos-de-su-historia-uno-de-los-culpables-es-el-metaverso\">preparaba la mayor ola de despidos en su historia<\/a>. Si bien no se mencionaba cu\u00e1ntos trabajadores se ver\u00edan afectados, s\u00ed se indicaba que ser\u00edan miles.<\/p>\n<p>Lamentablemente,\u00a0<strong>la noticia ahora ha quedado confirmada<\/strong>. En su carta p\u00fablica, Zuckerberg asumi\u00f3 la culpa por la situaci\u00f3n, y detall\u00f3 las dem\u00e1s medidas que se aplicar\u00e1n en el seno de Meta, adem\u00e1s del recorte de personal.<\/p>\n<p>\u00abHoy estoy compartiendo algunos de los cambios m\u00e1s dif\u00edciles que hemos hecho en la historia de Meta. He decidido reducir el tama\u00f1o de nuestro equipo en aproximadamente un 13 % y despedir a m\u00e1s de 11.000 de nuestros talentosos empleados. Tambi\u00e9n estamos tomando una serie de pasos adicionales para convertirnos en una empresa m\u00e1s \u00e1gil y eficiente mediante la reducci\u00f3n de los gastos discrecionales y la extensi\u00f3n del freno a nuestras contrataciones hasta el primer trimestre.<\/p>\n<p>Quiero asumir la responsabilidad de estas decisiones y de c\u00f3mo llegamos aqu\u00ed. S\u00e9 que esto es dif\u00edcil para todos, y lo siento especialmente por los afectados\u00bb.<\/p>\n<p>Mark Zuckerberg, sobre los despidos de Meta.<\/p>\n<h2 class=\"has-text-align-center\">Meta confirma la mayor ola de despidos de su historia<\/h2>\n<p><strong>Esta es la primera vez en sus 18 a\u00f1os de vida que Meta anuncia un despido masivo<\/strong>. Seg\u00fan Mark Zuckerberg, la compa\u00f1\u00eda no creci\u00f3 tanto como se esperaba, puesto que no pudo mantener el envi\u00f3n obtenido durante la pandemia de coronavirus. \u00abNo solo el comercio en l\u00ednea ha vuelto a las tendencias anteriores, sino que la recesi\u00f3n macroecon\u00f3mica, el aumento de la competencia y la p\u00e9rdida de anuncios han provocado que nuestros ingresos sean mucho m\u00e1s bajos de lo que esperaba. Me equivoqu\u00e9 y asumo la responsabilidad por ello\u00bb, explic\u00f3.<\/p>\n<p>Los afectados por los m\u00e1s de 11.000 despidos de Meta recibir\u00e1n un paquete de compensaci\u00f3n. En Estados Unidos, la indemnizaci\u00f3n ser\u00e1 equivalente al pago de 16 semanas de trabajo, m\u00e1s dos semanas extras por cada a\u00f1o de antig\u00fcedad en la empresa, sin tope. Tambi\u00e9n se pagar\u00e1n las vacaciones pendientes y se extender\u00e1 la cobertura m\u00e9dica por seis meses, entre otros puntos. En otros pa\u00edses, Zuckerberg indic\u00f3 que las medidas ser\u00e1n \u00absimilares\u00bb, sin dar mayores detalles.<\/p>\n<p>Meta tambi\u00e9n prepara\u00a0<strong>medidas adicionales para recortar gastos<\/strong>, como la implementaci\u00f3n de escritorios compartidos para los empleados que trabajan mayormente desde fuera de la oficina. El CEO de la compa\u00f1\u00eda tambi\u00e9n indic\u00f3 que est\u00e1 realizando un an\u00e1lisis minucioso sobre los gastos de infraestructura, y que se aplicar\u00e1n mayores recortes en los meses venideros.<\/p>\n<h3>El metaverso, uno de los motivos de la crisis en Melo Park<\/h3>\n<p>Imagen: Rub\u00e9n Chicharro.<\/p>\n<p>En su anuncio, Mark Zuckerberg pr\u00e1cticamente no hizo menci\u00f3n al impacto que el metaverso est\u00e1 teniendo en el desempe\u00f1o de la compa\u00f1\u00eda. El fundador y director ejecutivo de Meta solo hizo referencia a su obstinado proyecto como una \u00abvisi\u00f3n a largo plazo\u00bb, y no mucho m\u00e1s.<\/p>\n<p>Sin embargo, las se\u00f1ales de que pivotar el modelo de compa\u00f1\u00eda hacia la vida en la virtualidad ha demostrado\u00a0<strong>no estar dando los resultados esperados<\/strong>. A la brutal ca\u00edda en los beneficios, se le ha sumado\u00a0<a href=\"https:\/\/hipertextual.com\/2022\/10\/accionistas-piden-meta-deje-gastar-metaverso\">la desconfianza de los accionistas<\/a>. La casa matriz de Facebook, Instagram, WhatsApp y Reality Labs quem\u00f3 decenas de miles de millones de d\u00f3lares este a\u00f1o, y ya aclar\u00f3 que\u00a0<a href=\"https:\/\/hipertextual.com\/2022\/10\/estan-las-grandes-tecnologicas-en-problemas-por-la-crisis-economica-global\">continuar\u00e1 por ese camino en 2023<\/a>.<\/p>\n<p>Si hasta el propio Zuck\u00a0<a href=\"https:\/\/hipertextual.com\/2022\/10\/como-mark-zuckerberg-ha-perdido-el-70-de-su-fortuna-en-un-ano-y-aun-asi-sigue-siendo-ridiculamente-rico\">ha perdido el 70% de su fortuna<\/a>\u00a0en los \u00faltimos doce meses\u2026<\/p>\n<p>Por lo pronto, el CEO de Meta no solo se lament\u00f3 por los despidos y agradeci\u00f3 a quienes se han desempe\u00f1ado en la firma, sino que tambi\u00e9n aprovech\u00f3 para lanzar un dardo a sus detractores.\u00a0<strong>\u00abCreo que estamos profundamente subestimados como empresa hoy en d\u00eda\u00bb<\/strong>, indic\u00f3; y agreg\u00f3:<\/p>\n<p>\u00abMiles de millones de personas utilizan nuestros servicios para conectarse y nuestras comunidades siguen creciendo. Nuestro negocio principal se encuentra entre los m\u00e1s rentables jam\u00e1s construidos con un enorme potencial por delante. Y somos l\u00edderes en el desarrollo de la tecnolog\u00eda para definir el futuro de la conexi\u00f3n social y la pr\u00f3xima plataforma inform\u00e1tica. Hacemos un trabajo hist\u00f3ricamente importante. Conf\u00edo en que, si trabajamos de manera eficiente, saldremos de esta recesi\u00f3n m\u00e1s fuertes y resistentes que nunca\u00bb.<\/p>\n<\/p>\n<p>Mark Zuckerberg, CEO de Meta.<\/p>\n","protected":false},"excerpt":{"rendered":"<p>\u00a0 Se ve\u00eda venir.\u00a0Meta acaba de confirmar el despido de m\u00e1s de 11.000 empleados, cifra que representa el 13% de su staff. La noticia se conoci\u00f3 a trav\u00e9s de un mensaje enviado por Mark Zuckerberg a los trabajadores de su compa\u00f1\u00eda,\u00a0que se replic\u00f3 en el blog oficial. Desde comienzos de la semana se aguardaba por &hellip;<\/p>\n","protected":false},"author":0,"featured_media":39930,"comment_status":"open","ping_status":"open","sticky":false,"template":"","format":"standard","meta":{"_jetpack_memberships_contains_paid_content":false,"footnotes":""},"categories":[5],"tags":[],"class_list":["post-39929","post","type-post","status-publish","format-standard","has-post-thumbnail","","category-noticias"],"jetpack_sharing_enabled":true,"jetpack_featured_media_url":"http:\/\/mickyandoniehn.com\/radio\/wp-content\/uploads\/2022\/11\/1645233307_Seguimiento-de-usuarios-Meta-paga-90-millones-de-dolares-para-NnN1g9.jpeg","_links":{"self":[{"href":"http:\/\/mickyandoniehn.com\/radio\/wp-json\/wp\/v2\/posts\/39929","targetHints":{"allow":["GET"]}}],"collection":[{"href":"http:\/\/mickyandoniehn.com\/radio\/wp-json\/wp\/v2\/posts"}],"about":[{"href":"http:\/\/mickyandoniehn.com\/radio\/wp-json\/wp\/v2\/types\/post"}],"replies":[{"embeddable":true,"href":"http:\/\/mickyandoniehn.com\/radio\/wp-json\/wp\/v2\/comments?post=39929"}],"version-history":[{"count":0,"href":"http:\/\/mickyandoniehn.com\/radio\/wp-json\/wp\/v2\/posts\/39929\/revisions"}],"wp:featuredmedia":[{"embeddable":true,"href":"http:\/\/mickyandoniehn.com\/radio\/wp-json\/wp\/v2\/media\/39930"}],"wp:attachment":[{"href":"http:\/\/mickyandoniehn.com\/radio\/wp-json\/wp\/v2\/media?parent=39929"}],"wp:term":[{"taxonomy":"category","embeddable":true,"href":"http:\/\/mickyandoniehn.com\/radio\/wp-json\/wp\/v2\/categories?post=39929"},{"taxonomy":"post_tag","embeddable":true,"href":"http:\/\/mickyandoniehn.com\/radio\/wp-json\/wp\/v2\/tags?post=39929"}],"curies":[{"name":"wp","href":"https:\/\/api.w.org\/{rel}","templated":true}]}}