{"id":39925,"date":"2022-11-09T06:12:35","date_gmt":"2022-11-09T12:12:35","guid":{"rendered":"http:\/\/mickyandoniehn.com\/radio\/2022\/11\/09\/vuelve-la-edad-de-hielo-con-craneo-de-un-perezoso-gigante-hallado-en-uruguay\/"},"modified":"2022-11-09T06:12:35","modified_gmt":"2022-11-09T12:12:35","slug":"vuelve-la-edad-de-hielo-con-craneo-de-un-perezoso-gigante-hallado-en-uruguay","status":"publish","type":"post","link":"http:\/\/mickyandoniehn.com\/radio\/2022\/11\/09\/vuelve-la-edad-de-hielo-con-craneo-de-un-perezoso-gigante-hallado-en-uruguay\/","title":{"rendered":"Vuelve la Edad de Hielo con cr\u00e1neo de un perezoso gigante hallado en Uruguay"},"content":{"rendered":"<p><strong>Tegucigalpa,Honduras mi\u00e9rcoles 09 noviembre \u00a02022<\/strong><\/p>\n<\/p>\n<p>Guardado como un secreto en el coraz\u00f3n de la Tierra y rearmado pieza por pieza tras una compleja extracci\u00f3n, el \u00abexcepcional\u00bb cr\u00e1neo de un perezoso gigante hallado en el sur de Uruguay es el nuevo boleto con el que el Museo de Historia Natural del pa\u00eds invita a viajar a la Edad de Hielo.<\/p>\n<p>A verdaderos pasos agigantados se mov\u00eda por bosques y praderas de Suram\u00e9rica sirvi\u00e9ndose de sus enormes garras para alimentarse de plantas y ra\u00edces. As\u00ed viv\u00eda, hace unos 15,000 a\u00f1os, el megaterio: un esp\u00e9cimen m\u00e1s de la megafauna que habit\u00f3 el planeta Tierra en los tiempos de los primeros hom\u00ednidos.<\/p>\n<h2><strong>Un hallazgo excepcional<\/strong><\/h2>\n<p>Como destaca en di\u00e1logo con EFE el uruguayo Washington Jones, paleont\u00f3logo del Museo Nacional de Historia Natural (MNHN), hallar un cr\u00e1neo de este animal, que pesaba unas 4 toneladas y med\u00eda m\u00e1s de 6 metros cuando fue encontrado en agosto de 2020, es un evento tan \u00abraro\u00bb como valioso.<\/p>\n<p>\u00abEs un material excepcional porque, a pesar de que es un animal que se encuentran muchas partes de su esqueleto por toda Suram\u00e9rica, el cr\u00e1neo es especialmente raro en forma completa o pr\u00e1cticamente completa como se ve aqu\u00ed\u00bb, subraya sobre el f\u00f3sil, encontrado en el departamento (provincia) de Canelones (sur).<\/p>\n<p>Igual de extraordinario, dice, fue el proceso posterior a su extracci\u00f3n, pues, tras responder a un llamado de una empresaria que identific\u00f3 el sitio donde estaba enterrado, el paleont\u00f3logo Andr\u00e9s Rinderknecht intent\u00f3 sacarlo entero y por su fragilidad \u00abqued\u00f3 hecho pedazos\u00bb.<\/p>\n<p>\u00abLo llev\u00f3 a su casa con pocas esperanzas y con mucho trabajo fue armando las piezas poco a poco. Despu\u00e9s (\u2026) una persona allegada al museo invent\u00f3 todo un sistema para darle una estructura de metal al cr\u00e1neo y unir las partes en forma m\u00e1s consolidada\u00bb, relata Jones junto a la vitrina del MNHN en la que yace el cr\u00e1neo completo.<\/p>\n<h2><strong>De reyes y diablos<\/strong><\/h2>\n<p>Acotada en espacio pero cargada de informaci\u00f3n, la muestra del museo uruguayo dedica una de sus carteleras a la historia de una especie con arraigo en la actual regi\u00f3n del R\u00edo de la Plata, pues, seg\u00fan explica Jones, el primer esqueleto de Megatherium americanum fue descubierto en Luj\u00e1n (Argentina) en el siglo XVIII.<\/p>\n<p>\u00abAl rey espa\u00f1ol de esa \u00e9poca, Carlos (III), le interes\u00f3 mucho la historia natural, entonces promovi\u00f3 que se enviara a Madrid al Real Gabinete (de Historia Natural), la formaci\u00f3n inicial de lo que ser\u00eda el Museo de Historia Natural de Madrid y all\u00ed una persona lo recibi\u00f3, lo estudi\u00f3 detenidamente y arm\u00f3 todas las piezas\u00bb, apunta.<\/p>\n<p>En \u00e9pocas en que tanto Argentina como Uruguay eran a\u00fan colonias de Espa\u00f1a, ese fue el germen que dio pie a que luego un oficial franc\u00e9s hiciera su boceto del esqueleto y este llegara a manos de un joven \u00abde enorme talento\u00bb como George Cuvier que, dice Jones, con solo 26 a\u00f1os dedujo el v\u00ednculo entre aquel megaterio y sus peque\u00f1os parientes.<\/p>\n<p>\u00abSe dio cuenta de que aquel gigante, que se tej\u00edan historias de que pod\u00eda ser de los gigantes de la Biblia o vaya a saber qu\u00e9 otra cosa medio extra\u00f1a, en realidad (\u2026) ten\u00eda todos los signos anat\u00f3micos que lo pod\u00edan vincular con los peque\u00f1os perezosos arbor\u00edcolas que viven en las selvas suramericanas\u00bb, puntualiza.<\/p>\n<p>Para probar lo enmara\u00f1ada que es la historia, el paleont\u00f3logo resalta asimismo que el MNHN tiene en su Sala del presente muestras de la planta Ibicela lutea, conocida como \u00abCuerno del diablo\u00bb, cuyo origen tambi\u00e9n se remonta al Pleistoceno (per\u00edodo de la Edad de hielo) y se vincula con estos animales.<\/p>\n<p>Es que, indica, el fruto de la planta tiene hasta hoy \u00abcuernos\u00bb o pinchos que se enganchan en el pelaje de vacas o caballos pero que en un principio lo hac\u00eda en el de aquellos megaterios o mastodontes; transporte que ayudaba a dispersar sus semillas.<\/p>\n<h2><strong>De la gran pantalla al museo<\/strong><\/h2>\n<p>La c\u00f3mica e interminable serie de peripecias de la ardilla con su bellota o la entra\u00f1able historia de amistad entre el tigre dientes de sable Diego, el mamut Manny y el perezoso Sid hicieron de la animada \u00abLa era del hielo\u00bb una pel\u00edcula memorable para varias generaciones.<\/p>\n<p>Cumplidos este 2022 los 20 a\u00f1os del filme del extinto estudio Blue Sky, que, disuelto por Disney, dijo adi\u00f3s con un corto en el que finalmente la ardilla logra hacer realidad su sue\u00f1o de comer la bellota, el inter\u00e9s de ni\u00f1os y adolescentes por la megafauna sigue latente.<\/p>\n<p>As\u00ed lo demuestra el flujo de peque\u00f1os curiosos que llega al museo uruguayo, donde, se\u00f1ala Jones, les \u00abllama mucho la atenci\u00f3n\u00bb ver restos de dinosaurios o perezosos gigantes que pueden asociar con personajes como aquellos de la divertida cinta y se aprovecha esa asociaci\u00f3n para explicar m\u00e1s sobre el per\u00edodo.<\/p>\n<p>\u00abContamos un poco lo que fue la Era del Hielo para que la gente sepa que (la megafauna) no solo existi\u00f3 en Estados Unidos, de donde viene la pel\u00edcula, sino que en toda Am\u00e9rica hubo una especie de Era del hielo donde habitaban estos mam\u00edferos enormes\u00bb, redondea el cient\u00edfico.<\/p>\n<p><strong>Fuente: La Tribuna<\/strong><\/p>\n","protected":false},"excerpt":{"rendered":"<p>Tegucigalpa,Honduras mi\u00e9rcoles 09 noviembre \u00a02022 Guardado como un secreto en el coraz\u00f3n de la Tierra y rearmado pieza por pieza tras una compleja extracci\u00f3n, el \u00abexcepcional\u00bb cr\u00e1neo de un perezoso gigante hallado en el sur de Uruguay es el nuevo boleto con el que el Museo de Historia Natural del pa\u00eds invita a viajar a &hellip;<\/p>\n","protected":false},"author":0,"featured_media":39926,"comment_status":"open","ping_status":"open","sticky":false,"template":"","format":"standard","meta":{"_jetpack_memberships_contains_paid_content":false,"footnotes":""},"categories":[5],"tags":[],"class_list":["post-39925","post","type-post","status-publish","format-standard","has-post-thumbnail","","category-noticias"],"jetpack_sharing_enabled":true,"jetpack_featured_media_url":"http:\/\/mickyandoniehn.com\/radio\/wp-content\/uploads\/2022\/11\/craneo-perezoso-696x395-1-nyuoPa.jpeg","_links":{"self":[{"href":"http:\/\/mickyandoniehn.com\/radio\/wp-json\/wp\/v2\/posts\/39925","targetHints":{"allow":["GET"]}}],"collection":[{"href":"http:\/\/mickyandoniehn.com\/radio\/wp-json\/wp\/v2\/posts"}],"about":[{"href":"http:\/\/mickyandoniehn.com\/radio\/wp-json\/wp\/v2\/types\/post"}],"replies":[{"embeddable":true,"href":"http:\/\/mickyandoniehn.com\/radio\/wp-json\/wp\/v2\/comments?post=39925"}],"version-history":[{"count":0,"href":"http:\/\/mickyandoniehn.com\/radio\/wp-json\/wp\/v2\/posts\/39925\/revisions"}],"wp:featuredmedia":[{"embeddable":true,"href":"http:\/\/mickyandoniehn.com\/radio\/wp-json\/wp\/v2\/media\/39926"}],"wp:attachment":[{"href":"http:\/\/mickyandoniehn.com\/radio\/wp-json\/wp\/v2\/media?parent=39925"}],"wp:term":[{"taxonomy":"category","embeddable":true,"href":"http:\/\/mickyandoniehn.com\/radio\/wp-json\/wp\/v2\/categories?post=39925"},{"taxonomy":"post_tag","embeddable":true,"href":"http:\/\/mickyandoniehn.com\/radio\/wp-json\/wp\/v2\/tags?post=39925"}],"curies":[{"name":"wp","href":"https:\/\/api.w.org\/{rel}","templated":true}]}}