{"id":39888,"date":"2022-11-08T08:12:40","date_gmt":"2022-11-08T14:12:40","guid":{"rendered":"https:\/\/mickyandoniehn.com\/radio\/2022\/11\/08\/las-enfermades-del-corazon-estan-subtratadas-en-latinoamerica-dice-experto\/"},"modified":"2022-11-08T08:12:40","modified_gmt":"2022-11-08T14:12:40","slug":"las-enfermades-del-corazon-estan-subtratadas-en-latinoamerica-dice-experto","status":"publish","type":"post","link":"http:\/\/mickyandoniehn.com\/radio\/2022\/11\/08\/las-enfermades-del-corazon-estan-subtratadas-en-latinoamerica-dice-experto\/","title":{"rendered":"Las enfermades del coraz\u00f3n est\u00e1n \u201csubtratadas\u201d en Latinoam\u00e9rica, dice experto"},"content":{"rendered":"<p>\u00a0<\/p>\n<p><strong>Tegucigalpa,Honduras martes 08 noviembre \u00a02022<\/strong><\/p>\n<\/p>\n<p>Las enfermedades cardiovasculares est\u00e1n \u201csubdiagnosticadas\u201d y por tanto \u201csubtratadas\u201d en Latinoam\u00e9rica, una regi\u00f3n sin cifras precisas de pacientes con estas patolog\u00edas, afirm\u00f3 a EFE el cardi\u00f3logo mexicano Marco Antonio Alcocer.<\/p>\n<p>\u201cNo tenemos la cifra precisa, el problema que nos est\u00e1 pasando con esta enfermedad es que est\u00e1 subdiagnosticada y, por obvias razones, subtratada. La cardiopat\u00eda isqu\u00e9mica es la principal causa de muerte en toda Latinoam\u00e9rica\u201d, declar\u00f3 Alcocer, quien es el Coordinador de Hemodin\u00e1mica y Cardiolog\u00eda Intervencionistas del Hospital de Coraz\u00f3n de Quer\u00e9taro.<\/p>\n<p>El tambi\u00e9n expresidente de la Sociedad Mexicana de Cardiolog\u00eda participa en la Segunda Cumbre Ferrer Latam, que se celebra hasta este s\u00e1bado en Ciudad de Panam\u00e1, junto con 350 m\u00e9dicos especialistas de Panam\u00e1, Guatemala, El Salvador, Nicaragua, Honduras, Rep\u00fablica Dominicana, Colombia, Bolivia Chile, Paraguay, Per\u00fa, M\u00e9xico, Costa Rica y Argentina.<\/p>\n<p>En el evento, los expertos hablaron sobre los \u00faltimos avances en cardiolog\u00eda, enfermedades pulmonares vasculares e intersticiales, neurolog\u00eda y gastroenterolog\u00eda, \u00e1reas en las que est\u00e1 focalizado el laboratorio.<\/p>\n<p>FACTORES DE RIESGO: OBESIDAD, SEDENTARISMO Y TABACO<\/p>\n<p>Alcocer apunt\u00f3 que las enfermedades cardiovasculares \u201cse presentan por culpa de no identificar ni controlar unas condiciones que se llaman factores de riesgo, que son algunas acciones que incrementan las probabilidades de enfermarse\u201d.<\/p>\n<p>Entre estos factores de riesgo est\u00e1n los relacionados con la alimentaci\u00f3n, como el sobrepeso y obesidad; con la ausencia de actividad f\u00edsica, como el sedentarismo y, por otro lado el tabaquismo.<\/p>\n<p>Tambi\u00e9n hay factores relacionados \u201ccon los niveles de grasa o de l\u00edpidos en la sangre, que es el colesterol\u201d y \u201cel az\u00facar, la glucosa elevada, que es la diabetes\u201d.<\/p>\n<p>\u201cHoy por hoy en Latinoam\u00e9rica, una de las cat\u00e1strofes que estamos teniendo en nuestra poblaci\u00f3n es que estamos teniendo una cantidad impresionante de diab\u00e9ticos nuevos, que a lo mejor hace 10 o 20 a\u00f1os las cifras eran notablemente m\u00e1s bajas\u201d, alert\u00f3 el doctor.<\/p>\n<p>\u201cAPRENDER O RE-APRENDER A COMER\u201d<\/p>\n<p>\u201cNo hay que quedarnos con la idea de que es solo la alimentaci\u00f3n, yo creo que en Latinoam\u00e9rica podemos presumir que tenemos una riqueza en nuestra alimentaci\u00f3n, y es parte de nuestra cultura\u201d, se\u00f1al\u00f3 Alcocer.<\/p>\n<p>El experto destac\u00f3 que \u201cuna persona puede ser s\u00faper disciplinada en su alimentaci\u00f3n y a\u00fan as\u00ed tener diabetes, problemas de colesterol y presi\u00f3n alta, y fumar\u201d.<\/p>\n<p>Por ello, Alcocer considera que \u201cun error decirle a la gente que deje su comida\u201d, y apuesta por \u201caprender en el sentido de las cantidades, \u2018tips\u2019 de como cocinar, combinar los alimentos, no solamente comer postres o grasas, sino buscar un mensaje de alimentaci\u00f3n equilibrada\u201d.<\/p>\n<p>\u201cEs importante educar a la gente en aprender o re-aprender a comer. Siempre le digo a la gente: no dejes de comer lo que te gusta, pero no comas lo que com\u00edas\u201d, explic\u00f3 el experto.<\/p>\n<p>INFARTOS EN MUJERES: HORAS DE RETRASO EN LLEGAR AL HOSPITAL<\/p>\n<p>\u201cHist\u00f3ricamente la gente ten\u00eda la idea o el concepto de que (el infarto) es una enfermedad solo de hombres. Y con el tiempo hemos aprendido que en las mujeres tambi\u00e9n es un problema muy serio, y dir\u00eda que m\u00e1s que en los hombres por varias razones\u201d, expuso Alcocer.<\/p>\n<p>En las mujeres, los s\u00edntomas de infarto son m\u00e1s \u201cat\u00edpicos\u201d, como \u201cuna expresi\u00f3n de ardor, a lo mejor ni siquiera tiene dolor, puede que solo tenga falta de aire\u201d.<\/p>\n<p>Esto supone un retraso en el diagn\u00f3stico, pues \u201cen el hombre, en media hora s\u00e9 el diagn\u00f3stico porque se sinti\u00f3 mal y r\u00e1pido fue a pedir ayuda\u201d.<\/p>\n<p>Pero en la mujer \u201ces quiz\u00e1s un ardor, no es nada, me voy a tomar algo para el est\u00f3mago, respir\u00e9 un poquito m\u00e1s agitado, voy a salir a tomar aire a la calle, y, a lo mejor, se retrasa ocho horas\u201d en ir al hospital.<\/p>\n<p>\u201cEl mensaje a las mujeres es que la enfermedad cardiovascular es muy peligrosa, hay que identificarla, no hay que confiarnos\u201d, destac\u00f3.<\/p>\n<p><strong>Fuente: La Tribuna<\/strong><\/p>\n","protected":false},"excerpt":{"rendered":"<p>\u00a0 Tegucigalpa,Honduras martes 08 noviembre \u00a02022 Las enfermedades cardiovasculares est\u00e1n \u201csubdiagnosticadas\u201d y por tanto \u201csubtratadas\u201d en Latinoam\u00e9rica, una regi\u00f3n sin cifras precisas de pacientes con estas patolog\u00edas, afirm\u00f3 a EFE el cardi\u00f3logo mexicano Marco Antonio Alcocer. \u201cNo tenemos la cifra precisa, el problema que nos est\u00e1 pasando con esta enfermedad es que est\u00e1 subdiagnosticada y, &hellip;<\/p>\n","protected":false},"author":0,"featured_media":39889,"comment_status":"open","ping_status":"open","sticky":false,"template":"","format":"standard","meta":{"_jetpack_memberships_contains_paid_content":false,"footnotes":""},"categories":[5],"tags":[],"class_list":["post-39888","post","type-post","status-publish","format-standard","has-post-thumbnail","","category-noticias"],"jetpack_sharing_enabled":true,"jetpack_featured_media_url":"http:\/\/mickyandoniehn.com\/radio\/wp-content\/uploads\/2022\/11\/corazon-neHigK.jpeg","_links":{"self":[{"href":"http:\/\/mickyandoniehn.com\/radio\/wp-json\/wp\/v2\/posts\/39888","targetHints":{"allow":["GET"]}}],"collection":[{"href":"http:\/\/mickyandoniehn.com\/radio\/wp-json\/wp\/v2\/posts"}],"about":[{"href":"http:\/\/mickyandoniehn.com\/radio\/wp-json\/wp\/v2\/types\/post"}],"replies":[{"embeddable":true,"href":"http:\/\/mickyandoniehn.com\/radio\/wp-json\/wp\/v2\/comments?post=39888"}],"version-history":[{"count":0,"href":"http:\/\/mickyandoniehn.com\/radio\/wp-json\/wp\/v2\/posts\/39888\/revisions"}],"wp:featuredmedia":[{"embeddable":true,"href":"http:\/\/mickyandoniehn.com\/radio\/wp-json\/wp\/v2\/media\/39889"}],"wp:attachment":[{"href":"http:\/\/mickyandoniehn.com\/radio\/wp-json\/wp\/v2\/media?parent=39888"}],"wp:term":[{"taxonomy":"category","embeddable":true,"href":"http:\/\/mickyandoniehn.com\/radio\/wp-json\/wp\/v2\/categories?post=39888"},{"taxonomy":"post_tag","embeddable":true,"href":"http:\/\/mickyandoniehn.com\/radio\/wp-json\/wp\/v2\/tags?post=39888"}],"curies":[{"name":"wp","href":"https:\/\/api.w.org\/{rel}","templated":true}]}}