{"id":39882,"date":"2022-11-08T08:12:38","date_gmt":"2022-11-08T14:12:38","guid":{"rendered":"https:\/\/mickyandoniehn.com\/radio\/2022\/11\/08\/copan-ruinas-celebrara-festival-de-aves-del-25-al-27-de-noviembre\/"},"modified":"2022-11-08T08:12:38","modified_gmt":"2022-11-08T14:12:38","slug":"copan-ruinas-celebrara-festival-de-aves-del-25-al-27-de-noviembre","status":"publish","type":"post","link":"http:\/\/mickyandoniehn.com\/radio\/2022\/11\/08\/copan-ruinas-celebrara-festival-de-aves-del-25-al-27-de-noviembre\/","title":{"rendered":"Cop\u00e1n Ruinas celebrar\u00e1 Festival de Aves del 25 al 27 de noviembre"},"content":{"rendered":"<p><strong>Tegucigalpa,Honduras martes 08 noviembre \u00a02022<\/strong><\/p>\n<\/p>\n<p>La ciudad de Cop\u00e1n Ruinas celebrar\u00e1 del 25 al 27 de noviembre el Festival de Aves, un evento educativo y socio-ambiental, con el objetivo de resaltar la importancia de las aves en la cultura maya.<\/p>\n<p>Los participantes del festival recibir\u00e1n charlas educativas sobre la importancia de las aves en la cultura maya, el efecto de la observaci\u00f3n de aves sobre los seres humanos, los esfuerzos de conservaci\u00f3n en especies amenazadas como la Guara Roja y otras especies de la familia de loros y la conectividad del paisaje y su importancia para la biodiversidad de aves.<\/p>\n<p>Tambi\u00e9n, disfrutar\u00e1n de caminatas de observaci\u00f3n de aves en espacios culturales y naturales de Cop\u00e1n Ruinas. Gu\u00edas expertos en observaci\u00f3n de aves y cultura maya los acompa\u00f1ar\u00e1n en el recorrido.<\/p>\n<p>\u201cEl esp\u00edritu de nuestros festivales son educativos y socio-ambientales ya que no solo se transmite la pasi\u00f3n por observar las aves, sino tambi\u00e9n apreciar su comportamiento y el entorno en el que se encuentra. A su vez fomentando la protecci\u00f3n de los ecosistemas\u201d, resaltan los organizadores en el portal web del festival.<\/p>\n<p><strong>Fuente: La Tribuna<\/strong><\/p>\n","protected":false},"excerpt":{"rendered":"<p>Tegucigalpa,Honduras martes 08 noviembre \u00a02022 La ciudad de Cop\u00e1n Ruinas celebrar\u00e1 del 25 al 27 de noviembre el Festival de Aves, un evento educativo y socio-ambiental, con el objetivo de resaltar la importancia de las aves en la cultura maya. Los participantes del festival recibir\u00e1n charlas educativas sobre la importancia de las aves en la &hellip;<\/p>\n","protected":false},"author":0,"featured_media":39883,"comment_status":"open","ping_status":"open","sticky":false,"template":"","format":"standard","meta":{"_jetpack_memberships_contains_paid_content":false,"footnotes":""},"categories":[5],"tags":[],"class_list":["post-39882","post","type-post","status-publish","format-standard","has-post-thumbnail","","category-noticias"],"jetpack_sharing_enabled":true,"jetpack_featured_media_url":"http:\/\/mickyandoniehn.com\/radio\/wp-content\/uploads\/2022\/11\/FBmdAugXoAg3XaP-Rvb8Xy.jpeg","_links":{"self":[{"href":"http:\/\/mickyandoniehn.com\/radio\/wp-json\/wp\/v2\/posts\/39882","targetHints":{"allow":["GET"]}}],"collection":[{"href":"http:\/\/mickyandoniehn.com\/radio\/wp-json\/wp\/v2\/posts"}],"about":[{"href":"http:\/\/mickyandoniehn.com\/radio\/wp-json\/wp\/v2\/types\/post"}],"replies":[{"embeddable":true,"href":"http:\/\/mickyandoniehn.com\/radio\/wp-json\/wp\/v2\/comments?post=39882"}],"version-history":[{"count":0,"href":"http:\/\/mickyandoniehn.com\/radio\/wp-json\/wp\/v2\/posts\/39882\/revisions"}],"wp:featuredmedia":[{"embeddable":true,"href":"http:\/\/mickyandoniehn.com\/radio\/wp-json\/wp\/v2\/media\/39883"}],"wp:attachment":[{"href":"http:\/\/mickyandoniehn.com\/radio\/wp-json\/wp\/v2\/media?parent=39882"}],"wp:term":[{"taxonomy":"category","embeddable":true,"href":"http:\/\/mickyandoniehn.com\/radio\/wp-json\/wp\/v2\/categories?post=39882"},{"taxonomy":"post_tag","embeddable":true,"href":"http:\/\/mickyandoniehn.com\/radio\/wp-json\/wp\/v2\/tags?post=39882"}],"curies":[{"name":"wp","href":"https:\/\/api.w.org\/{rel}","templated":true}]}}