{"id":39855,"date":"2022-11-08T07:12:38","date_gmt":"2022-11-08T13:12:38","guid":{"rendered":"http:\/\/mickyandoniehn.com\/radio\/2022\/11\/08\/analfabetismo-un-problema-viejo-con-nuevos-actores-en-honduras\/"},"modified":"2022-11-08T07:12:38","modified_gmt":"2022-11-08T13:12:38","slug":"analfabetismo-un-problema-viejo-con-nuevos-actores-en-honduras","status":"publish","type":"post","link":"http:\/\/mickyandoniehn.com\/radio\/2022\/11\/08\/analfabetismo-un-problema-viejo-con-nuevos-actores-en-honduras\/","title":{"rendered":"Analfabetismo, un problema viejo con nuevos actores en Honduras"},"content":{"rendered":"<p><strong>Tegucigalpa,Honduras martes 08 noviembre \u00a02022<\/strong><\/p>\n<\/p>\n<p>El reto de reducir la tasa de analfabetismo a una cifra menor de cinco decimales para poder adquirir la categor\u00eda de pa\u00eds libre de este lastro, es un problema viejo en Honduras, pero con la llegada de la pandemia a causa de la COVID-19 se suman nuevos actores.<\/p>\n<p class=\"has-vivid-red-color has-text-color has-background\"><strong><em>\u2013 M\u00e1s de 800 mil personas en Honduras entran en la categor\u00eda de analfabetas. La pandemia dej\u00f3 fuera del sistema educativo a m\u00e1s de un mill\u00f3n de ni\u00f1os en edad escolar quienes pueden ingresar en la categor\u00eda de nuevos actores de este viejo problema.<\/em><\/strong><\/p>\n<p class=\"has-vivid-red-color has-text-color has-background\"><strong><em>\u2013 Los pr\u00f3ximos tres a\u00f1os son fundamentales para alcanzar niveles \u00f3ptimos y con voluntad pol\u00edtica se puede aspirar a llegar a cifras requeridas por la Unesco para declarar un pa\u00eds libre de analfabetismo.<\/em><\/strong><\/p>\n<p class=\"has-vivid-red-color has-text-color has-background\"><strong><em>\u2013 Honduras solo cuenta con un municipio declarado libre de analfabetismo, se trata de Puerto Cort\u00e9s, al norte del pa\u00eds. \u00a0<\/em><\/strong><\/p>\n<p>As\u00ed lo manifest\u00f3 a\u00a0<strong>Proceso Digital<\/strong>\u00a0Martha Leiva, gerente de estad\u00edsticas del Instituto Nacional de Estad\u00edsticas (INE) quien comparti\u00f3 que la Encuesta Permanente de Hogares de Prop\u00f3sitos M\u00faltiples de octubre de 2021 revela que la tasa de analfabetismo a nivel nacional es del 12 %, significa que 12 de cada 100 personas en el pa\u00eds centroamericano no pueden leer ni escribir.<\/p>\n<p>Sin embargo, la Encuesta Permanente de Hogares revela otros indicadores sobre este tema, uno de los m\u00e1s importantes es que cada vez se suman nuevos actores a esta problem\u00e1tica del pa\u00eds.<\/p>\n<p>La pandemia ha dejado fuera del sistema educativo a dos millones de estudiantes y esto viene a contribuir a que esta vieja problem\u00e1tica tenga actores nuevos, reflexion\u00f3 la entrevistada.<\/p>\n<h2><strong>Estad\u00edsticas desagregadas<\/strong><\/h2>\n<p>La estad\u00edsticas desagregadas sobre el tema permite la comprensi\u00f3n total y poder tomar decisiones luego que las mismas revela que las mujeres son la que m\u00e1s sufren este flagelo, los adultos mayores conforman el mayor grupo de analfabetas del pa\u00eds y es el \u00e1rea rural la que m\u00e1s resiente el impacto del analfabetismo, asoci\u00f3 la entrevistada.<\/p>\n<p>La tasa de analfabetismo contin\u00faa siendo mayor en la poblaci\u00f3n del \u00e1rea rural con un 18.9% frente a un 6.8% en el \u00e1rea urbana, coment\u00f3.<\/p>\n<p>Entre tanto, cuando se analiza la brecha de g\u00e9nero las estad\u00edsticas muestran que para los hombres el analfabetismo es del 11.7 % y las mujeres 12.2 %, por \u00e1rea de residencia y sexo el \u00e1rea urbana es de 6.3 % para los hombres y de 7.3 % para las mujeres mientras que para el \u00e1rea rural siguen siendo mayores para ambos sexos de 18.6 % y 19.2 % respectivamente.<\/p>\n<p>Al analizar las tasas de analfabetismo por grupos de edad, se aprecia que los grupos de mayor edad presentan las tasas m\u00e1s altas, para el grupo de edad de 60 y m\u00e1s a\u00f1os, el analfabetismo es de 33.7 % para las mujeres y 26.3 % para los hombres a nivel nacional es de 30.3 %. En las edades de 15 a 18 a\u00f1os para las mujeres es de 1.7 %, para los hombres de 2.9 % y el total nacional de 2.3 %, desglos\u00f3.<\/p>\n<p>Cuando se analiza este mismo tema desde el punto de vista de acceso a la educaci\u00f3n, las estad\u00edsticas revelan que los a\u00f1os de estudio promedio de la poblaci\u00f3n de 15 a\u00f1os y m\u00e1s, para el Distrito Central es de un 9.7 % y de 9.0 % para la ciudad de San Pedro Sula.<\/p>\n<p>La tasa de cobertura neta en el nivel para la educaci\u00f3n media para las personas de 15 a 17 a\u00f1os es de 27.7 %, para el \u00e1rea urbana 35.8 % y 18.5 % para el \u00e1rea rural, lo anterior revela que las personas cuya residencia se encuentre en el \u00e1rea rural tienen menor acceso a la educaci\u00f3n.<\/p>\n<p><strong>Fuente: Proceso Digital<\/strong><\/p>\n","protected":false},"excerpt":{"rendered":"<p>Tegucigalpa,Honduras martes 08 noviembre \u00a02022 El reto de reducir la tasa de analfabetismo a una cifra menor de cinco decimales para poder adquirir la categor\u00eda de pa\u00eds libre de este lastro, es un problema viejo en Honduras, pero con la llegada de la pandemia a causa de la COVID-19 se suman nuevos actores. \u2013 M\u00e1s &hellip;<\/p>\n","protected":false},"author":0,"featured_media":39856,"comment_status":"open","ping_status":"open","sticky":false,"template":"","format":"standard","meta":{"_jetpack_memberships_contains_paid_content":false,"footnotes":""},"categories":[5],"tags":[],"class_list":["post-39855","post","type-post","status-publish","format-standard","has-post-thumbnail","","category-noticias"],"jetpack_sharing_enabled":true,"jetpack_featured_media_url":"http:\/\/mickyandoniehn.com\/radio\/wp-content\/uploads\/2022\/11\/Analfabetismo-honduras-696x472-1-KE3Vgz.jpeg","_links":{"self":[{"href":"http:\/\/mickyandoniehn.com\/radio\/wp-json\/wp\/v2\/posts\/39855","targetHints":{"allow":["GET"]}}],"collection":[{"href":"http:\/\/mickyandoniehn.com\/radio\/wp-json\/wp\/v2\/posts"}],"about":[{"href":"http:\/\/mickyandoniehn.com\/radio\/wp-json\/wp\/v2\/types\/post"}],"replies":[{"embeddable":true,"href":"http:\/\/mickyandoniehn.com\/radio\/wp-json\/wp\/v2\/comments?post=39855"}],"version-history":[{"count":0,"href":"http:\/\/mickyandoniehn.com\/radio\/wp-json\/wp\/v2\/posts\/39855\/revisions"}],"wp:featuredmedia":[{"embeddable":true,"href":"http:\/\/mickyandoniehn.com\/radio\/wp-json\/wp\/v2\/media\/39856"}],"wp:attachment":[{"href":"http:\/\/mickyandoniehn.com\/radio\/wp-json\/wp\/v2\/media?parent=39855"}],"wp:term":[{"taxonomy":"category","embeddable":true,"href":"http:\/\/mickyandoniehn.com\/radio\/wp-json\/wp\/v2\/categories?post=39855"},{"taxonomy":"post_tag","embeddable":true,"href":"http:\/\/mickyandoniehn.com\/radio\/wp-json\/wp\/v2\/tags?post=39855"}],"curies":[{"name":"wp","href":"https:\/\/api.w.org\/{rel}","templated":true}]}}