{"id":39853,"date":"2022-11-08T07:12:35","date_gmt":"2022-11-08T13:12:35","guid":{"rendered":"http:\/\/mickyandoniehn.com\/radio\/2022\/11\/08\/alemania-exigio-a-rusia-que-descarte-con-claridad-el-uso-de-armas-nucleares\/"},"modified":"2022-11-08T07:12:35","modified_gmt":"2022-11-08T13:12:35","slug":"alemania-exigio-a-rusia-que-descarte-con-claridad-el-uso-de-armas-nucleares","status":"publish","type":"post","link":"http:\/\/mickyandoniehn.com\/radio\/2022\/11\/08\/alemania-exigio-a-rusia-que-descarte-con-claridad-el-uso-de-armas-nucleares\/","title":{"rendered":"Alemania exigi\u00f3 a Rusia que descarte con claridad el uso de armas nucleares"},"content":{"rendered":"<p><strong>Tegucigalpa,Honduras martes 08 noviembre \u00a02022<\/strong><\/p>\n<\/p>\n<p>El canciller alem\u00e1n\u00a0Olaf Scholz\u00a0apel\u00f3 a Rusia para que descarte con claridad el uso de\u00a0armas at\u00f3micas\u00a0en la guerra de Ucrania.<\/p>\n<p>\u201cNo est\u00e1 permitido y\u00a0no es leg\u00edtimo usar armas nucleares en este conflicto\u201d, dijo Scholz en un acto del Partido Socialdem\u00f3crata (SPD) que se celebra este fin de semana.<\/p>\n<p>\u201cApelamos a Rusia a que declare que no lo har\u00e1. Se trata de\u00a0un l\u00edmite que no puede sobrepasarse\u201d, agreg\u00f3.<\/p>\n<p>Ya el viernes, durante una visita a China, Scholz hab\u00eda advertido del peligro de una escalada nuclear.<\/p>\n<p>El canciller fue muy criticado por su viaje a Beijing y respondi\u00f3 que la declaraci\u00f3n conjunta suya y del presidente chino,\u00a0Xi Jinping, en la que se opon\u00edan al uso de armas nucleares en Ucrania, fue motivo suficiente para la visita. El l\u00edder del r\u00e9gimen coincidi\u00f3 en que ambos l\u00edderes \u201cse oponen conjuntamente al uso o la amenaza de uso de armas nucleares\u201d en Ucrania, pero se abstuvo de criticar a Rusia o de pedir a Mosc\u00fa que retire sus tropas.<\/p>\n<p>Scholz, que ha sido criticado por parecer continuar con una estrategia que expone excesivamente la econom\u00eda alemana a China, su socio comercial m\u00e1s importante, dijo que la diversificaci\u00f3n era clave para limitar las posibles repercusiones en caso de que la relaci\u00f3n se agriete. \u201cTenemos un plan claro y lo estamos siguiendo. Y eso significa diversificar con todos los pa\u00edses con los que comerciamos, especialmente, por supuesto, con un pa\u00eds tan grande y que tiene una parte tan grande de la econom\u00eda mundial\u201d, dijo Scholz.<\/p>\n<p><a href=\"https:\/\/hondudiario.com\/wp-content\/uploads\/2022\/11\/1d9a378c-1287-4188-907e-d06f29645f99.png\">Por otra parte, en el acto del SPD hubo una intervenci\u00f3n virtual del jefe del grupo parlamentario, Rolf Mutzenich, que ha causado\u00a0pol\u00e9mica. El diputado, que ha defendido repetidas veces la b\u00fasqueda de una soluci\u00f3n diplom\u00e1tica en Ucrania, asegur\u00f3 que ello hab\u00eda llevado a que el Gobierno ucraniano lo incluyese en una \u201clista de terroristas\u201d.<\/a><\/p>\n<p><a href=\"https:\/\/hondudiario.com\/wp-content\/uploads\/2022\/11\/1d9a378c-1287-4188-907e-d06f29645f99.png\">\u201cMe ha irritado haber sido incluido en una lista de terroristas del Gobierno ucraniano con la justificaci\u00f3n de que defiendo un alto al fuego o treguas regionales para poder hacer avances diplom\u00e1ticos\u201d, dijo Mutzenich.<\/a><\/p>\n<p><a href=\"https:\/\/hondudiario.com\/wp-content\/uploads\/2022\/11\/1d9a378c-1287-4188-907e-d06f29645f99.png\">El Ministerio de Exteriores ucraniano, entre tanto, ha negado que exista una lista de ese tipo. \u201cEl Gobierno ucraniano no hace listas de terroristas y hasta donde s\u00e9 en Ucrania no hay ning\u00fan proceso contra el se\u00f1or Mutzenich\u201d, dijo el portavoz de Exteriores, Oleh Nikolenko, a trav\u00e9s de su cuenta de Facebook.<\/a><\/p>\n<p><a href=\"https:\/\/hondudiario.com\/wp-content\/uploads\/2022\/11\/1d9a378c-1287-4188-907e-d06f29645f99.png\">El Centro contra Desinformaci\u00f3n del Consejo de Seguridad y Defensa de Ucrania hab\u00eda publicado en verano en internet una lista de 70 personas, entre las que estaba Mutzenich, a quienes se acusaba de difundir \u201cnarrativas\u201d que coinciden con la propaganda rusa. Sin embargo, esa lista ya no est\u00e1 en la red. <\/a><\/p>\n<p><strong>Fuente: La Tribuna<\/strong><\/p>\n","protected":false},"excerpt":{"rendered":"<p>Tegucigalpa,Honduras martes 08 noviembre \u00a02022 El canciller alem\u00e1n\u00a0Olaf Scholz\u00a0apel\u00f3 a Rusia para que descarte con claridad el uso de\u00a0armas at\u00f3micas\u00a0en la guerra de Ucrania. \u201cNo est\u00e1 permitido y\u00a0no es leg\u00edtimo usar armas nucleares en este conflicto\u201d, dijo Scholz en un acto del Partido Socialdem\u00f3crata (SPD) que se celebra este fin de semana. \u201cApelamos a Rusia &hellip;<\/p>\n","protected":false},"author":0,"featured_media":39854,"comment_status":"open","ping_status":"open","sticky":false,"template":"","format":"standard","meta":{"_jetpack_memberships_contains_paid_content":false,"footnotes":""},"categories":[5],"tags":[],"class_list":["post-39853","post","type-post","status-publish","format-standard","has-post-thumbnail","","category-noticias"],"jetpack_sharing_enabled":true,"jetpack_featured_media_url":"http:\/\/mickyandoniehn.com\/radio\/wp-content\/uploads\/2022\/11\/1d9a378c-1287-4188-907e-d06f29645f99-brbVkH.png","_links":{"self":[{"href":"http:\/\/mickyandoniehn.com\/radio\/wp-json\/wp\/v2\/posts\/39853","targetHints":{"allow":["GET"]}}],"collection":[{"href":"http:\/\/mickyandoniehn.com\/radio\/wp-json\/wp\/v2\/posts"}],"about":[{"href":"http:\/\/mickyandoniehn.com\/radio\/wp-json\/wp\/v2\/types\/post"}],"replies":[{"embeddable":true,"href":"http:\/\/mickyandoniehn.com\/radio\/wp-json\/wp\/v2\/comments?post=39853"}],"version-history":[{"count":0,"href":"http:\/\/mickyandoniehn.com\/radio\/wp-json\/wp\/v2\/posts\/39853\/revisions"}],"wp:featuredmedia":[{"embeddable":true,"href":"http:\/\/mickyandoniehn.com\/radio\/wp-json\/wp\/v2\/media\/39854"}],"wp:attachment":[{"href":"http:\/\/mickyandoniehn.com\/radio\/wp-json\/wp\/v2\/media?parent=39853"}],"wp:term":[{"taxonomy":"category","embeddable":true,"href":"http:\/\/mickyandoniehn.com\/radio\/wp-json\/wp\/v2\/categories?post=39853"},{"taxonomy":"post_tag","embeddable":true,"href":"http:\/\/mickyandoniehn.com\/radio\/wp-json\/wp\/v2\/tags?post=39853"}],"curies":[{"name":"wp","href":"https:\/\/api.w.org\/{rel}","templated":true}]}}