{"id":39839,"date":"2022-11-08T06:12:34","date_gmt":"2022-11-08T12:12:34","guid":{"rendered":"http:\/\/mickyandoniehn.com\/radio\/2022\/11\/08\/olena-zelenska-presenta-en-francfort-lectura-para-ninos-ucranianos\/"},"modified":"2022-11-08T06:12:34","modified_gmt":"2022-11-08T12:12:34","slug":"olena-zelenska-presenta-en-francfort-lectura-para-ninos-ucranianos","status":"publish","type":"post","link":"http:\/\/mickyandoniehn.com\/radio\/2022\/11\/08\/olena-zelenska-presenta-en-francfort-lectura-para-ninos-ucranianos\/","title":{"rendered":"Olena Zelenska presenta en Fr\u00e1ncfort lectura para ni\u00f1os ucranianos"},"content":{"rendered":"<p><strong>Tegucigalpa,Honduras martes 08 noviembre \u00a02022<\/strong><\/p>\n<\/p>\n<p>La primera dama ucraniana, Olena Zelenska, y su hom\u00f3loga alemana, Elke B\u00fcdenbender -esposa del presidente Frank-Walter Steinmeier-, presentaron hoy un proyecto de audiolibros llamado \u00abbetter time stories\u00bb, destinado especialmente a ni\u00f1os ucranianos que est\u00e1n lejos de sus padres.<\/p>\n<p>Se trata de donaciones de paquetes de libros que van acompa\u00f1ados de c\u00f3digos QR que permiten abrir una aplicaci\u00f3n para escuchar un texto en el m\u00f3vil, bien le\u00eddo por un lector profesional o por un miembro de la familia.<\/p>\n<p>\u00abEl idioma es patria. A trav\u00e9s de \u2018better time stories\u2019, los padres que se han quedado en Ucrania pueden sin embargo leerle a sus hijos que est\u00e1n lejos\u00bb, dijo Zelenska.<\/p>\n<p>Agreg\u00f3 que \u00abeso es una posibilidad de darle a los ni\u00f1os una sensaci\u00f3n acogedora y de fomentar su salud mental\u00bb.<\/p>\n<p>Zelenska y B\u00fcdenbender son las impulsoras del proyecto -junto con la princesa Lorenza de Pa\u00edses Bajos y la primera dama austr\u00edaca, Doris Schmidauer- y con su presentaci\u00f3n este s\u00e1bado dieron el pistoletazo de salida a las donaciones en Alemania.<\/p>\n<p>Se calcula que cerca de 2 millones de ni\u00f1os ucranianos est\u00e1n en el exilio, muchos de ellos lejos de sus familias.<\/p>\n<p>Ucrania ha sido uno de los temas recurrentes de la actual edici\u00f3n de la Feria de Fr\u00e1ncfort.<\/p>\n<p>Este s\u00e1bado el excampe\u00f3n mundial de boxeo Vladimir Klitschko -hermano del alcalde de Kiev Vitali Klitschko- present\u00f3, a trav\u00e9s de una conexi\u00f3n virtual desde Ucrania, un libro para ni\u00f1os titulado \u00abWil, el conquistador de nubes\u00bb, que escribi\u00f3 en colaboraci\u00f3n con su socia alemana Tatjana Kiel.<\/p>\n<p>\u00abEn el libro se trata de mostrarle a los ni\u00f1os c\u00f3mo pueden hacer realidad sus sue\u00f1os\u00bb, dijo Klitschko.<\/p>\n<p>El libro estaba ya listo cuando se inici\u00f3 la guerra de Ucrania, pero para Klitschko sigue siendo algo importante.<\/p>\n<p>\u00abPodemos tomar la decisi\u00f3n de dar lo mejor de nosotros sin importar d\u00f3nde estemos\u00bb, dijo Klitschko.<\/p>\n<p>Por otra parte, el escritor ucraniano Andrei Kurkov admiti\u00f3 en el stand de su pa\u00eds que actualmente prefiere hablar de la guerra que del libro que est\u00e1 presentando.<\/p>\n<p><strong>Fuente: La Tribuna<\/strong><\/p>\n","protected":false},"excerpt":{"rendered":"<p>Tegucigalpa,Honduras martes 08 noviembre \u00a02022 La primera dama ucraniana, Olena Zelenska, y su hom\u00f3loga alemana, Elke B\u00fcdenbender -esposa del presidente Frank-Walter Steinmeier-, presentaron hoy un proyecto de audiolibros llamado \u00abbetter time stories\u00bb, destinado especialmente a ni\u00f1os ucranianos que est\u00e1n lejos de sus padres. Se trata de donaciones de paquetes de libros que van acompa\u00f1ados de &hellip;<\/p>\n","protected":false},"author":0,"featured_media":39840,"comment_status":"open","ping_status":"open","sticky":false,"template":"","format":"standard","meta":{"_jetpack_memberships_contains_paid_content":false,"footnotes":""},"categories":[5],"tags":[],"class_list":["post-39839","post","type-post","status-publish","format-standard","has-post-thumbnail","","category-noticias"],"jetpack_sharing_enabled":true,"jetpack_featured_media_url":"http:\/\/mickyandoniehn.com\/radio\/wp-content\/uploads\/2022\/11\/Olena-Zelenska-696x447-1-Tt80Z8.jpeg","_links":{"self":[{"href":"http:\/\/mickyandoniehn.com\/radio\/wp-json\/wp\/v2\/posts\/39839","targetHints":{"allow":["GET"]}}],"collection":[{"href":"http:\/\/mickyandoniehn.com\/radio\/wp-json\/wp\/v2\/posts"}],"about":[{"href":"http:\/\/mickyandoniehn.com\/radio\/wp-json\/wp\/v2\/types\/post"}],"replies":[{"embeddable":true,"href":"http:\/\/mickyandoniehn.com\/radio\/wp-json\/wp\/v2\/comments?post=39839"}],"version-history":[{"count":0,"href":"http:\/\/mickyandoniehn.com\/radio\/wp-json\/wp\/v2\/posts\/39839\/revisions"}],"wp:featuredmedia":[{"embeddable":true,"href":"http:\/\/mickyandoniehn.com\/radio\/wp-json\/wp\/v2\/media\/39840"}],"wp:attachment":[{"href":"http:\/\/mickyandoniehn.com\/radio\/wp-json\/wp\/v2\/media?parent=39839"}],"wp:term":[{"taxonomy":"category","embeddable":true,"href":"http:\/\/mickyandoniehn.com\/radio\/wp-json\/wp\/v2\/categories?post=39839"},{"taxonomy":"post_tag","embeddable":true,"href":"http:\/\/mickyandoniehn.com\/radio\/wp-json\/wp\/v2\/tags?post=39839"}],"curies":[{"name":"wp","href":"https:\/\/api.w.org\/{rel}","templated":true}]}}