{"id":39785,"date":"2022-11-07T10:12:41","date_gmt":"2022-11-07T16:12:41","guid":{"rendered":"http:\/\/mickyandoniehn.com\/radio\/2022\/11\/07\/extendida-vacunacion-contra-el-sarampion-rubeola-y-poliomielitis\/"},"modified":"2022-11-07T10:12:41","modified_gmt":"2022-11-07T16:12:41","slug":"extendida-vacunacion-contra-el-sarampion-rubeola-y-poliomielitis","status":"publish","type":"post","link":"http:\/\/mickyandoniehn.com\/radio\/2022\/11\/07\/extendida-vacunacion-contra-el-sarampion-rubeola-y-poliomielitis\/","title":{"rendered":"Extendida vacunaci\u00f3n contra el sarampi\u00f3n, rub\u00e9ola y poliomielitis"},"content":{"rendered":"<p><strong>Tegucigalpa,Honduras lunes 07 noviembre \u00a02022<\/strong><\/p>\n<\/p>\n<p>La Secretar\u00eda de Salud (Sesal) decidi\u00f3 extender la VII Campa\u00f1a de Vacunaci\u00f3n de Seguimiento contra el Sarampi\u00f3n, Rub\u00e9ola y Poliomielitis hasta el 30 de noviembre.<\/p>\n<p>Mediante un comunicado se inform\u00f3 que la intenci\u00f3n es proteger a los ni\u00f1os de seis meses a seis a\u00f1os contra esas enfermedades. Salud revel\u00f3 que para mantener eliminadas estas enfermedades se debe vacunar al 95 por ciento de la poblaci\u00f3n objetivo con una dosis adicional de ambas vacunas, sin embargo, no han logrado alcanzar ese porcentaje.<\/p>\n<p>Seg\u00fan los datos de Salud hasta el 30 de octubre, el nivel de cobertura de vacunaci\u00f3n contra la sarampi\u00f3n, rub\u00e9ola y parotiditis a nivel nacional es del 79 por ciento, mientras que contra la poliomielitis es del 80 por ciento.<\/p>\n<p>\u201cHay ni\u00f1os que no se han vacunado durante esta campa\u00f1a, lo que significa que existe riesgo de ocurrencia en el pa\u00eds de casos de poliomielitis, sarampi\u00f3n y rub\u00e9ola\u201d, advirti\u00f3 Salud.<\/p>\n<p>Autoridades han solicitado el apoyo de los padres de familia para que acudan a los establecimientos de Salud y a los diferentes sitios de vacunaci\u00f3n y que sus hijos sean inoculados contra estas enfermedades prevenibles.<\/p>\n<p><strong>Fuente: La Tribuna<\/strong><\/p>\n","protected":false},"excerpt":{"rendered":"<p>Tegucigalpa,Honduras lunes 07 noviembre \u00a02022 La Secretar\u00eda de Salud (Sesal) decidi\u00f3 extender la VII Campa\u00f1a de Vacunaci\u00f3n de Seguimiento contra el Sarampi\u00f3n, Rub\u00e9ola y Poliomielitis hasta el 30 de noviembre. Mediante un comunicado se inform\u00f3 que la intenci\u00f3n es proteger a los ni\u00f1os de seis meses a seis a\u00f1os contra esas enfermedades. Salud revel\u00f3 que &hellip;<\/p>\n","protected":false},"author":0,"featured_media":39786,"comment_status":"open","ping_status":"open","sticky":false,"template":"","format":"standard","meta":{"_jetpack_memberships_contains_paid_content":false,"footnotes":""},"categories":[5],"tags":[],"class_list":["post-39785","post","type-post","status-publish","format-standard","has-post-thumbnail","","category-noticias"],"jetpack_sharing_enabled":true,"jetpack_featured_media_url":"http:\/\/mickyandoniehn.com\/radio\/wp-content\/uploads\/2022\/11\/CAMPANA-1-sWTepa.jpeg","_links":{"self":[{"href":"http:\/\/mickyandoniehn.com\/radio\/wp-json\/wp\/v2\/posts\/39785","targetHints":{"allow":["GET"]}}],"collection":[{"href":"http:\/\/mickyandoniehn.com\/radio\/wp-json\/wp\/v2\/posts"}],"about":[{"href":"http:\/\/mickyandoniehn.com\/radio\/wp-json\/wp\/v2\/types\/post"}],"replies":[{"embeddable":true,"href":"http:\/\/mickyandoniehn.com\/radio\/wp-json\/wp\/v2\/comments?post=39785"}],"version-history":[{"count":0,"href":"http:\/\/mickyandoniehn.com\/radio\/wp-json\/wp\/v2\/posts\/39785\/revisions"}],"wp:featuredmedia":[{"embeddable":true,"href":"http:\/\/mickyandoniehn.com\/radio\/wp-json\/wp\/v2\/media\/39786"}],"wp:attachment":[{"href":"http:\/\/mickyandoniehn.com\/radio\/wp-json\/wp\/v2\/media?parent=39785"}],"wp:term":[{"taxonomy":"category","embeddable":true,"href":"http:\/\/mickyandoniehn.com\/radio\/wp-json\/wp\/v2\/categories?post=39785"},{"taxonomy":"post_tag","embeddable":true,"href":"http:\/\/mickyandoniehn.com\/radio\/wp-json\/wp\/v2\/tags?post=39785"}],"curies":[{"name":"wp","href":"https:\/\/api.w.org\/{rel}","templated":true}]}}