{"id":39773,"date":"2022-11-07T08:13:11","date_gmt":"2022-11-07T14:13:11","guid":{"rendered":"https:\/\/mickyandoniehn.com\/radio\/2022\/11\/07\/honduras-contara-con-nuevo-censo-poblacional-con-apoyo-de-la-onu-y-eeuu\/"},"modified":"2022-11-07T08:13:11","modified_gmt":"2022-11-07T14:13:11","slug":"honduras-contara-con-nuevo-censo-poblacional-con-apoyo-de-la-onu-y-eeuu","status":"publish","type":"post","link":"http:\/\/mickyandoniehn.com\/radio\/2022\/11\/07\/honduras-contara-con-nuevo-censo-poblacional-con-apoyo-de-la-onu-y-eeuu\/","title":{"rendered":"Honduras contar\u00e1 con nuevo censo poblacional con apoyo de la ONU y EEUU"},"content":{"rendered":"<p><strong>Tegucigalpa,Honduras lunes 07 noviembre \u00a02022<\/strong><\/p>\n<\/p>\n<p>Honduras trabaja en la elaboraci\u00f3n de un nuevo censo poblacional y de vivienda, que tambi\u00e9n medir\u00e1 los \u00edndices de pobreza del pa\u00eds, y para lo que contar\u00e1 con el apoyo del Fondo de Poblaci\u00f3n de las Naciones Unidas (UNFPA) y Estados Unidos.<\/p>\n<p>As\u00ed lo dijo este jueves a EFE en Tegucigalpa el director del Instituto Nacional de Estad\u00edsticas (INE) del pa\u00eds centroamericano, Eugenio Sosa.<\/p>\n<p>\u201cLos censos son claves porque forman una base fundamental para los reportes de pa\u00eds acerca de los avances del desarrollo, los compromisos con organismos internacionales y objetivos del desarrollo sostenible. De ah\u00ed se desprenden otras mediciones estad\u00edsticas como de pobreza o cualquier otra informaci\u00f3n cuyos planos referenciales son los censos\u201d, agreg\u00f3.<\/p>\n<p>El INE y el UNFPA presentaron hoy los avances del dise\u00f1o del VIII Censo de Poblaci\u00f3n y del VII de Vivienda 2023-2025, como parte de las actividades conmemorativas al D\u00eda Mundial de la Estad\u00edstica.<\/p>\n<div class=\"fs-dynamic\">\n<div>\n<div>\n<div class=\"__fs-ancillary\">\n<div class=\"__fs-branding\">Sosa indic\u00f3 que el \u00faltimo censo del pa\u00eds fue elaborado en 2013, pero no tiene credibilidad entre los hondure\u00f1os porque se hizo cuando la naci\u00f3n sufr\u00eda los efectos del golpe de Estado del 28 de junio de 2009 al entonces presidente de Honduras, Manuel Zelaya.<\/div>\n<\/div>\n<\/div>\n<\/div>\n<\/div>\n<p>El funcionario agreg\u00f3 que el nuevo censo se iniciar\u00e1 en 2023 y llevar\u00e1 unos dos a\u00f1os porque Honduras no dispone de toda la tecnolog\u00eda para hacerlo en menor tiempo.<\/p>\n<p>\u201cNuestra aspiraci\u00f3n ahora es sensibilizar a toda la ciudadan\u00eda en que haremos un censo de alto nivel, de calidad y que tenga la aceptaci\u00f3n de la ciudadan\u00eda; para eso contaremos con colaboraciones t\u00e9cnicas del Fondo de Poblaci\u00f3n de las Naciones Unidas, el Censo de Estados Unidos y probablemente del Instituto de Geograf\u00eda y Estad\u00edstica de Brasil\u201d, subray\u00f3 el titular del INE.<\/p>\n<p>El representante del UNFPA en Tegucigalpa, Jos\u00e9 Manuel P\u00e9rez, resalt\u00f3 la importancia de los censos; qu\u00e9 es un censo poblacional y sus cinco pilares: gesti\u00f3n integrada, base legal, apoyo pol\u00edtico, recursos asegurados y control de calidad.<\/p>\n<p>El nuevo censo contar\u00e1 de cinco componentes: planificaci\u00f3n y gerencia del proyecto; preenumeraci\u00f3n y actualizaci\u00f3n cartogr\u00e1fica completa (precenso de viviendas y establecimientos econ\u00f3micos); enumeraci\u00f3n y empadronamiento de la poblaci\u00f3n y viviendas; postcenso mediante la producci\u00f3n y difusi\u00f3n oportuna de datos censales y fortalecimiento del sistema de estad\u00edsticas, y las estad\u00edsticas vitales oportunas.<\/p>\n<p>Seg\u00fan datos proyectados de 2022, con el nuevo censo se espera enumerar 2.779.667 viviendas (1.557.690 urbanas y 1.221.977 rurales) y una poblaci\u00f3n esperada de 9.613.894 habitantes (4.677.624 hombres y 4.936.270 mujeres).<\/p>\n<p>Sosa indic\u00f3 que, en teor\u00eda, la poblaci\u00f3n hondure\u00f1a oscila entre 9,5 y 10 millones y que la pobreza supera el 70 %, pero que las cifras reales se conocer\u00e1n con el nuevo censo.<\/p>\n<p>El proyecto, que se desarrollar\u00e1 a escala nacional y generar\u00e1 unos 24.755 empleos directos, tendr\u00e1 un costo de entre 50 y 55 millones de d\u00f3lares.<\/p>\n<p><strong>Fuente: La Tribuna<\/strong><\/p>\n","protected":false},"excerpt":{"rendered":"<p>Tegucigalpa,Honduras lunes 07 noviembre \u00a02022 Honduras trabaja en la elaboraci\u00f3n de un nuevo censo poblacional y de vivienda, que tambi\u00e9n medir\u00e1 los \u00edndices de pobreza del pa\u00eds, y para lo que contar\u00e1 con el apoyo del Fondo de Poblaci\u00f3n de las Naciones Unidas (UNFPA) y Estados Unidos. As\u00ed lo dijo este jueves a EFE en &hellip;<\/p>\n","protected":false},"author":0,"featured_media":39774,"comment_status":"open","ping_status":"open","sticky":false,"template":"","format":"standard","meta":{"_jetpack_memberships_contains_paid_content":false,"footnotes":""},"categories":[5],"tags":[],"class_list":["post-39773","post","type-post","status-publish","format-standard","has-post-thumbnail","","category-noticias"],"jetpack_sharing_enabled":true,"jetpack_featured_media_url":"http:\/\/mickyandoniehn.com\/radio\/wp-content\/uploads\/2022\/11\/poblacion-honduras-ine-sjnEGc.jpeg","_links":{"self":[{"href":"http:\/\/mickyandoniehn.com\/radio\/wp-json\/wp\/v2\/posts\/39773","targetHints":{"allow":["GET"]}}],"collection":[{"href":"http:\/\/mickyandoniehn.com\/radio\/wp-json\/wp\/v2\/posts"}],"about":[{"href":"http:\/\/mickyandoniehn.com\/radio\/wp-json\/wp\/v2\/types\/post"}],"replies":[{"embeddable":true,"href":"http:\/\/mickyandoniehn.com\/radio\/wp-json\/wp\/v2\/comments?post=39773"}],"version-history":[{"count":0,"href":"http:\/\/mickyandoniehn.com\/radio\/wp-json\/wp\/v2\/posts\/39773\/revisions"}],"wp:featuredmedia":[{"embeddable":true,"href":"http:\/\/mickyandoniehn.com\/radio\/wp-json\/wp\/v2\/media\/39774"}],"wp:attachment":[{"href":"http:\/\/mickyandoniehn.com\/radio\/wp-json\/wp\/v2\/media?parent=39773"}],"wp:term":[{"taxonomy":"category","embeddable":true,"href":"http:\/\/mickyandoniehn.com\/radio\/wp-json\/wp\/v2\/categories?post=39773"},{"taxonomy":"post_tag","embeddable":true,"href":"http:\/\/mickyandoniehn.com\/radio\/wp-json\/wp\/v2\/tags?post=39773"}],"curies":[{"name":"wp","href":"https:\/\/api.w.org\/{rel}","templated":true}]}}