{"id":39771,"date":"2022-11-07T08:13:10","date_gmt":"2022-11-07T14:13:10","guid":{"rendered":"https:\/\/mickyandoniehn.com\/radio\/2022\/11\/07\/una-jirafa-mata-a-una-bebe-de-16-meses-en-sudafrica\/"},"modified":"2022-11-07T08:13:10","modified_gmt":"2022-11-07T14:13:10","slug":"una-jirafa-mata-a-una-bebe-de-16-meses-en-sudafrica","status":"publish","type":"post","link":"http:\/\/mickyandoniehn.com\/radio\/2022\/11\/07\/una-jirafa-mata-a-una-bebe-de-16-meses-en-sudafrica\/","title":{"rendered":"Una jirafa mata a una beb\u00e9 de 16 meses en Sud\u00e1frica"},"content":{"rendered":"<p><strong>Tegucigalpa,Honduras lunes 07 noviembre \u00a02022<\/strong><\/p>\n<\/p>\n<p>Una jirafa mat\u00f3 a una beb\u00e9 de 16 meses al atacarla al mismo tiempo que a su madre el mi\u00e9rcoles en una reserva natural sudafricana por razones a\u00fan inexplicables, seg\u00fan fuentes policiales.<\/p>\n<p>El ataque, muy poco habitual para el mam\u00edfero m\u00e1s alto del mundo, se produjo unos 270 km al norte del puerto de Durban, en el pa\u00eds zul\u00fa (este).<\/p>\n<p>La portavoz de la polic\u00eda, Nqobile Gwala, detall\u00f3 a la AFP que una madre de 25 a\u00f1os y su hija de 16 meses fueron atacadas el mi\u00e9rcoles alrededor de las 14H00 GMT en la reserva de Kuleni en la regi\u00f3n de Hluhluwe y fueron \u201cpisoteadas por una jirafa\u201d.<\/p>\n<p>La ni\u00f1a fue llevada a una cl\u00ednica m\u00e9dica cercana \u201cdonde muri\u00f3\u201d.<\/p>\n<p>Su madre fue transportada en helic\u00f3ptero de emergencia al hospital donde todav\u00eda se encontraba en estado cr\u00edtico el jueves.<\/p>\n<p>La polic\u00eda ha abierto una investigaci\u00f3n sobre este drama. Las jirafas no suelen atacar a los humanos.<\/p>\n<p><strong>Fuente: La Tribuna<\/strong><\/p>\n","protected":false},"excerpt":{"rendered":"<p>Tegucigalpa,Honduras lunes 07 noviembre \u00a02022 Una jirafa mat\u00f3 a una beb\u00e9 de 16 meses al atacarla al mismo tiempo que a su madre el mi\u00e9rcoles en una reserva natural sudafricana por razones a\u00fan inexplicables, seg\u00fan fuentes policiales. El ataque, muy poco habitual para el mam\u00edfero m\u00e1s alto del mundo, se produjo unos 270 km al &hellip;<\/p>\n","protected":false},"author":0,"featured_media":39772,"comment_status":"open","ping_status":"open","sticky":false,"template":"","format":"standard","meta":{"_jetpack_memberships_contains_paid_content":false,"footnotes":""},"categories":[5],"tags":[],"class_list":["post-39771","post","type-post","status-publish","format-standard","has-post-thumbnail","","category-noticias"],"jetpack_sharing_enabled":true,"jetpack_featured_media_url":"http:\/\/mickyandoniehn.com\/radio\/wp-content\/uploads\/2022\/11\/jirafa-sudafrica-HsfsSZ.jpeg","_links":{"self":[{"href":"http:\/\/mickyandoniehn.com\/radio\/wp-json\/wp\/v2\/posts\/39771","targetHints":{"allow":["GET"]}}],"collection":[{"href":"http:\/\/mickyandoniehn.com\/radio\/wp-json\/wp\/v2\/posts"}],"about":[{"href":"http:\/\/mickyandoniehn.com\/radio\/wp-json\/wp\/v2\/types\/post"}],"replies":[{"embeddable":true,"href":"http:\/\/mickyandoniehn.com\/radio\/wp-json\/wp\/v2\/comments?post=39771"}],"version-history":[{"count":0,"href":"http:\/\/mickyandoniehn.com\/radio\/wp-json\/wp\/v2\/posts\/39771\/revisions"}],"wp:featuredmedia":[{"embeddable":true,"href":"http:\/\/mickyandoniehn.com\/radio\/wp-json\/wp\/v2\/media\/39772"}],"wp:attachment":[{"href":"http:\/\/mickyandoniehn.com\/radio\/wp-json\/wp\/v2\/media?parent=39771"}],"wp:term":[{"taxonomy":"category","embeddable":true,"href":"http:\/\/mickyandoniehn.com\/radio\/wp-json\/wp\/v2\/categories?post=39771"},{"taxonomy":"post_tag","embeddable":true,"href":"http:\/\/mickyandoniehn.com\/radio\/wp-json\/wp\/v2\/tags?post=39771"}],"curies":[{"name":"wp","href":"https:\/\/api.w.org\/{rel}","templated":true}]}}