{"id":39765,"date":"2022-11-07T08:13:08","date_gmt":"2022-11-07T14:13:08","guid":{"rendered":"https:\/\/mickyandoniehn.com\/radio\/2022\/11\/07\/apple-va-a-cambiar-el-oye-siri-por-algo-mucho-mejor\/"},"modified":"2022-11-07T08:13:08","modified_gmt":"2022-11-07T14:13:08","slug":"apple-va-a-cambiar-el-oye-siri-por-algo-mucho-mejor","status":"publish","type":"post","link":"http:\/\/mickyandoniehn.com\/radio\/2022\/11\/07\/apple-va-a-cambiar-el-oye-siri-por-algo-mucho-mejor\/","title":{"rendered":"Apple va a cambiar el \u00abOye Siri\u00bb por algo mucho mejor"},"content":{"rendered":"<\/p>\n<p>Apple podr\u00eda eliminar en un futuro la popular frase de activaci\u00f3n de Siri (\u201cOye, Siri\u201d) en todos sus dispositivos. Seg\u00fan Mark Gurman, de\u00a0<em><a href=\"https:\/\/www.bloomberg.com\/account\/newsletters\/power-on\">Bloomberg<\/a><\/em>, la compa\u00f1\u00eda de Cupertino est\u00e1 trabajando en la posibilidad de\u00a0<strong>convocar al asistente \u00fanicamente diciendo la palabra \u201cSiri\u201d\u00a0<\/strong>junto con el comando o la pregunta; algo que, aparentemente, permitir\u00e1 una interacci\u00f3n m\u00e1s natural y fluida.<\/p>\n<p>La implementaci\u00f3n de este cambio, no obstante,\u00a0<strong>no se espera hasta el pr\u00f3ximo a\u00f1o o, incluso, 2024<\/strong>. Gurman destaca que la eliminaci\u00f3n del comando actual y la implementaci\u00f3n de \u201cSiri\u201d como palabra clave para convocar al asistente,<strong>\u00a0supone un importante \u201cdesaf\u00edo t\u00e9cnico\u201d<\/strong>, pues Apple deber\u00e1 mejorar las capacidades de su inteligencia artificial para que Siri reconozca la palabra en diferentes tonos o acentos.<\/p>\n<p>La complejidad implica que Siri pueda entender la frase singular \u201cSiri\u201d en m\u00faltiples acentos e idiomas diferentes. Tener dos palabras: \u201cOye Siri\u201d, aumenta la probabilidad de que el sistema acoja la se\u00f1al correctamente.<\/p>\n<p>Menciona Mark Gurman.<\/p>\n<p>En cualquier caso, y si la compa\u00f1\u00eda finalmente consigue hacer que la frase de activaci\u00f3n sea \u201cSiri\u201d, en vez de \u201cOye, Siri\u201d, el usuario \u00fanicamente podr\u00e1 decir, por ejemplo: \u201cSiri, enciende las luces del despacho\u201d, y el asistente realizar\u00eda la acci\u00f3n. Es altamente probable, adem\u00e1s, que este cambio llegue a todos los dispositivos de la compa\u00f1\u00eda en los que se puede utilizar el asistente, incluidos los\u00a0<strong>iPhone, Mac, iPad, Apple TV, HomePod o AirPods<\/strong>.<\/p>\n<h2 class=\"has-text-align-center\">Convocar Siri con solo decir su nombre, como ya es posible con Alexa y Cortana<\/h2>\n<p>Apple, precisamente, no es la \u00fanica compa\u00f1\u00eda que permitir\u00e1 la activaci\u00f3n del asistente \u2014Siri en este caso\u2014 con solo una palabra. Amazon, de hecho, ya\u00a0<strong>ofrece la posibilidad convocar a Alexa \u00fanicamente diciendo su nombre<\/strong>. Tambi\u00e9n Cortana, el asistente virtual de Microsoft. Google, no obstante, se queda un paso atr\u00e1s, pues todav\u00eda es necesario convocar a Google Assistant con las frases \u201cHey, Google\u201d u \u201cOk, Google\u201d.<\/p>\n<p>Frente a Siri, el asistente de la compa\u00f1\u00eda de Mountain View cuenta\u00a0<a href=\"https:\/\/hipertextual.com\/2021\/09\/asi-funcionaran-las-frases-rapidas-para-hablar-con-el-asistente-de-google-sin-el-comando-ok-google\">con una funci\u00f3n<\/a>\u00a0que permite\u00a0<strong>realizar comandos consecutivos sin necesidad de decir la frase de activaci\u00f3n<\/strong>\u00a0de nuevo. Por ejemplo, es posible decir \u201cHey, Google; enciende las luces y reproduce el \u00faltimo \u00e1lbum de Taylor Swift\u201d.<\/p>\n<p>Siri, sin embargo, parece estar un paso m\u00e1s en cuanto a capacidades de respuesta frente a Alexa y el Asistente de Google, sus dos principales competidores. La compa\u00f1\u00eda, eso s\u00ed,\u00a0<strong>podr\u00eda mejorar la integraci\u00f3n de su asistente en servicios y aplicaciones de terceros<\/strong>.<\/p>\n<div class=\"jp-relatedposts\">\n<div class=\"jp-relatedposts-items jp-relatedposts-items-visual jp-relatedposts-grid \">\n<div class=\"jp-relatedposts-post jp-relatedposts-post0 jp-relatedposts-post-thumbs\"><strong>Fuente: hipertextual.com<\/strong><\/div>\n<\/div>\n<\/div>\n","protected":false},"excerpt":{"rendered":"<p>Apple podr\u00eda eliminar en un futuro la popular frase de activaci\u00f3n de Siri (\u201cOye, Siri\u201d) en todos sus dispositivos. Seg\u00fan Mark Gurman, de\u00a0Bloomberg, la compa\u00f1\u00eda de Cupertino est\u00e1 trabajando en la posibilidad de\u00a0convocar al asistente \u00fanicamente diciendo la palabra \u201cSiri\u201d\u00a0junto con el comando o la pregunta; algo que, aparentemente, permitir\u00e1 una interacci\u00f3n m\u00e1s natural y &hellip;<\/p>\n","protected":false},"author":0,"featured_media":39766,"comment_status":"open","ping_status":"open","sticky":false,"template":"","format":"standard","meta":{"_jetpack_memberships_contains_paid_content":false,"footnotes":""},"categories":[5],"tags":[],"class_list":["post-39765","post","type-post","status-publish","format-standard","has-post-thumbnail","","category-noticias"],"jetpack_sharing_enabled":true,"jetpack_featured_media_url":"http:\/\/mickyandoniehn.com\/radio\/wp-content\/uploads\/2022\/11\/Siri-App-Logo-Purple-Background-S7c6w3.jpeg","_links":{"self":[{"href":"http:\/\/mickyandoniehn.com\/radio\/wp-json\/wp\/v2\/posts\/39765","targetHints":{"allow":["GET"]}}],"collection":[{"href":"http:\/\/mickyandoniehn.com\/radio\/wp-json\/wp\/v2\/posts"}],"about":[{"href":"http:\/\/mickyandoniehn.com\/radio\/wp-json\/wp\/v2\/types\/post"}],"replies":[{"embeddable":true,"href":"http:\/\/mickyandoniehn.com\/radio\/wp-json\/wp\/v2\/comments?post=39765"}],"version-history":[{"count":0,"href":"http:\/\/mickyandoniehn.com\/radio\/wp-json\/wp\/v2\/posts\/39765\/revisions"}],"wp:featuredmedia":[{"embeddable":true,"href":"http:\/\/mickyandoniehn.com\/radio\/wp-json\/wp\/v2\/media\/39766"}],"wp:attachment":[{"href":"http:\/\/mickyandoniehn.com\/radio\/wp-json\/wp\/v2\/media?parent=39765"}],"wp:term":[{"taxonomy":"category","embeddable":true,"href":"http:\/\/mickyandoniehn.com\/radio\/wp-json\/wp\/v2\/categories?post=39765"},{"taxonomy":"post_tag","embeddable":true,"href":"http:\/\/mickyandoniehn.com\/radio\/wp-json\/wp\/v2\/tags?post=39765"}],"curies":[{"name":"wp","href":"https:\/\/api.w.org\/{rel}","templated":true}]}}